{"id":79881,"date":"2018-10-18T09:09:40","date_gmt":"2018-10-18T07:09:40","guid":{"rendered":"http:\/\/www.budokampsport.se\/?p=79881"},"modified":"2019-10-15T14:31:52","modified_gmt":"2019-10-15T12:31:52","slug":"motoriq-sprider-kunskap-idrottsgranser","status":"publish","type":"post","link":"https:\/\/www.budokampsport.se\/2018\/10\/18\/motoriq-sprider-kunskap-idrottsgranser\/","title":{"rendered":"MotoriQ sprider kunskap \u00f6ver idrottsgr\u00e4nser"},"content":{"rendered":"<p><span style=\"font-size: 14pt;\">Svenska Budo &amp; Kampsportsf\u00f6rbundets utbildnings- och utvecklingssatsning MotoriQ forts\u00e4tter, ett koncept vars syfte \u00e4r att fostra motiverande och sj\u00e4lvs\u00e4kra unga som har ett inneboende intresse f\u00f6r fysisk aktivitet. SB&amp;K har arbetat intensivt f\u00f6r att sprida Physical Literacy och h\u00f6ja medvetenheten och kunskapsniv\u00e5n inom den svenska idrottsr\u00f6relsen och ett samarbete med Svenska Ishockeyf\u00f6rbundet \u00e4r nu ig\u00e5ng.<\/span><br \/>\n<span style=\"font-size: 14pt;\"><br \/>\n&#8211; Vi vill sprida MotoriQ till fler organisationer b\u00e5de inom och utanf\u00f6r idrottsr\u00f6relsen f\u00f6r att inspirera dessa till att utveckla och fr\u00e4mja barns fysiska vardag. SB&amp;K vill vara aktiva och leda utvecklingen av svensk idrott, s\u00e4ger SB&amp;K:s utbildningskonsulent Magnus Ledin.<\/span><\/p>\n<p><strong>Utbildningsansvarig p\u00e5 Svenska Ishockeyf\u00f6rbundet, John Lind, ber\u00e4ttar om hur deras intresse f\u00f6r MotoriQ b\u00f6rjade.<br \/>\n<\/strong>&#8211; Vi s\u00f6kte pengar i Fram\u00e5tfonden f\u00f6r att g\u00f6ra en insats f\u00f6r \u00f6kad R\u00f6relsef\u00f6rst\u00e5else. Projektet ska i slut\u00e4ndan leda till att fler barn, och f\u00f6rhoppningsvis vuxna, forts\u00e4tter att idrotta och r\u00f6ra p\u00e5 sig. De ska genom \u00f6kad r\u00f6relsef\u00f6rst\u00e5else k\u00e4nna sig mer kompetenta, f\u00e5 \u00f6kad motivation och d\u00e4rigenom viljan att delta, ber\u00e4ttar John Lind.<\/p>\n<p><strong>En av projektledarna f\u00f6r MotoriQ, Pilo Stylin, var den som Svenska Ishockeyf\u00f6rbundet valde att v\u00e4nda sig till n\u00e4r deras projekt f\u00f6r \u00f6kad r\u00f6relsef\u00f6rst\u00e5else b\u00f6rjade ta form.<br \/>\n<\/strong>&#8211; Jag har genom \u00e5ren st\u00f6tt p\u00e5 Pilo och Budo &amp; Kampsport vid ett antal tillf\u00e4llen, bland annat p\u00e5 utbildningar inom Physical Literacy. Min uppfattning \u00e4r att Pilo \u00e4r en av de som ligger l\u00e4ngst fram i sitt t\u00e4nk, samt att de \u00f6vergripande tankarna inom Physical Literacy ligger n\u00e4ra er ordinarie verksamhet. F\u00f6r oss var det d\u00e4rf\u00f6r sj\u00e4lvklart att kontakta Pilo inom ramen f\u00f6r v\u00e5rt projekt i v\u00e5r str\u00e4van att g\u00f6ra skillnad f\u00f6r s\u00e5 m\u00e5nga som m\u00f6jligt. Att vi kan samarbeta \u00f6ver idrottsgr\u00e4nserna k\u00e4nns extra roligt i ett projekt som detta, s\u00e4ger John Lind.<\/p>\n<p><strong>Satsningen \u00e4r redan ig\u00e5ng och kommer att f\u00f6rdjupas under november m\u00e5nad.<\/strong><br \/>\n&#8211; Vi tar fram ett utbildningsmaterial med \u00f6vningar tillsammans med Svenska Ishockeyf\u00f6rbundet och vi kommer genomf\u00f6ra en utbildning f\u00f6r deras ishockeykonsulenter samt n\u00e5gra pilotf\u00f6reningar i november, s\u00e4ger Magnus Ledin.<\/p>\n<p>L\u00e4s mer om MotoriQ <em><a href=\"http:\/\/www.budokampsport.se\/forbund\/motoriq-physical-literacy\/\">h\u00e4r.<\/a><\/em><\/p>\n<p>Om du har intresserad av att veta mer om hur MotoriQ kan hj\u00e4lpa er med utbildning eller utveckling kontakta nedan.<\/p>\n<p><strong>Pilo Stylin<\/strong>, projektledare<br \/>\npilo@budo.se<br \/>\n070-714 43 64<\/p>\n<p><strong>Magnus Ledin<\/strong>, projektledare<br \/>\nledin@budo.se<br \/>\n08-705 15 73<\/p>\n<p>Text: Annie Bondefelt<br \/>\nFoto: Svenska Budo &amp; Kampsportsf\u00f6rbundet<\/p>\n","protected":false},"excerpt":{"rendered":"<p>Svenska Budo &amp; Kampsportsf\u00f6rbundets utbildnings- och utvecklingssatsning MotoriQ forts\u00e4tter, ett [&#8230;]<\/p><br>","protected":false},"author":120,"featured_media":79883,"comment_status":"open","ping_status":"open","sticky":false,"template":"","format":"standard","meta":{"_acf_changed":false,"footnotes":""},"categories":[413,1],"tags":[],"class_list":["post-79881","post","type-post","status-publish","format-standard","has-post-thumbnail","hentry","category-motoriq","category-okategoriserade"],"acf":[],"yoast_head":"<!-- This site is optimized with the Yoast SEO plugin v26.8 - https:\/\/yoast.com\/product\/yoast-seo-wordpress\/ -->\n<title>MotoriQ sprider kunskap \u00f6ver idrottsgr\u00e4nser - Svenska Budo &amp; Kampsportsf\u00f6rbundet<\/title>\n<meta name=\"description\" content=\"Svenska Budo &amp; Kampsportsf\u00f6rbundets utbildnings- och utvecklingssatsning MotoriQ forts\u00e4tter, ett koncept vars syfte \u00e4r att fostra motiverande och\" \/>\n<meta name=\"robots\" content=\"index, follow, max-snippet:-1, max-image-preview:large, max-video-preview:-1\" \/>\n<link rel=\"canonical\" href=\"https:\/\/www.budokampsport.se\/2018\/10\/18\/motoriq-sprider-kunskap-idrottsgranser\/\" \/>\n<meta property=\"og:locale\" content=\"sv_SE\" \/>\n<meta property=\"og:type\" content=\"article\" \/>\n<meta property=\"og:title\" content=\"MotoriQ sprider kunskap \u00f6ver idrottsgr\u00e4nser - Svenska Budo &amp; Kampsportsf\u00f6rbundet\" \/>\n<meta property=\"og:description\" content=\"Svenska Budo &amp; Kampsportsf\u00f6rbundets utbildnings- och utvecklingssatsning MotoriQ forts\u00e4tter, ett koncept vars syfte \u00e4r att fostra motiverande och\" \/>\n<meta property=\"og:url\" content=\"https:\/\/www.budokampsport.se\/2018\/10\/18\/motoriq-sprider-kunskap-idrottsgranser\/\" \/>\n<meta property=\"og:site_name\" content=\"Svenska Budo &amp; Kampsportsf\u00f6rbundet\" \/>\n<meta property=\"article:published_time\" content=\"2018-10-18T07:09:40+00:00\" \/>\n<meta property=\"article:modified_time\" content=\"2019-10-15T12:31:52+00:00\" \/>\n<meta property=\"og:image\" content=\"https:\/\/www.budokampsport.se\/wp-content\/uploads\/2018\/10\/mtoriq-barn-bild-e1625209726608.jpg\" \/>\n\t<meta property=\"og:image:width\" content=\"850\" \/>\n\t<meta property=\"og:image:height\" content=\"567\" \/>\n\t<meta property=\"og:image:type\" content=\"image\/jpeg\" \/>\n<meta name=\"author\" content=\"Annie Carriage\" \/>\n<meta name=\"twitter:card\" content=\"summary_large_image\" \/>\n<meta name=\"twitter:label1\" content=\"Skriven av\" \/>\n\t<meta name=\"twitter:data1\" content=\"Annie Carriage\" \/>\n\t<meta name=\"twitter:label2\" content=\"Ber\u00e4knad l\u00e4stid\" \/>\n\t<meta name=\"twitter:data2\" content=\"2 minuter\" \/>\n<script type=\"application\/ld+json\" class=\"yoast-schema-graph\">{\"@context\":\"https:\/\/schema.org\",\"@graph\":[{\"@type\":\"Article\",\"@id\":\"https:\/\/www.budokampsport.se\/2018\/10\/18\/motoriq-sprider-kunskap-idrottsgranser\/#article\",\"isPartOf\":{\"@id\":\"https:\/\/www.budokampsport.se\/2018\/10\/18\/motoriq-sprider-kunskap-idrottsgranser\/\"},\"author\":{\"name\":\"Annie Carriage\",\"@id\":\"https:\/\/www.budokampsport.se\/#\/schema\/person\/c838cace8171f692e363fde3f38f208b\"},\"headline\":\"MotoriQ sprider kunskap \u00f6ver idrottsgr\u00e4nser\",\"datePublished\":\"2018-10-18T07:09:40+00:00\",\"dateModified\":\"2019-10-15T12:31:52+00:00\",\"mainEntityOfPage\":{\"@id\":\"https:\/\/www.budokampsport.se\/2018\/10\/18\/motoriq-sprider-kunskap-idrottsgranser\/\"},\"wordCount\":463,\"commentCount\":0,\"image\":{\"@id\":\"https:\/\/www.budokampsport.se\/2018\/10\/18\/motoriq-sprider-kunskap-idrottsgranser\/#primaryimage\"},\"thumbnailUrl\":\"https:\/\/www.budokampsport.se\/wp-content\/uploads\/2018\/10\/mtoriq-barn-bild-e1625209726608.jpg\",\"articleSection\":[\"MotoriQ\"],\"inLanguage\":\"sv-SE\",\"potentialAction\":[{\"@type\":\"CommentAction\",\"name\":\"Comment\",\"target\":[\"https:\/\/www.budokampsport.se\/2018\/10\/18\/motoriq-sprider-kunskap-idrottsgranser\/#respond\"]}]},{\"@type\":\"WebPage\",\"@id\":\"https:\/\/www.budokampsport.se\/2018\/10\/18\/motoriq-sprider-kunskap-idrottsgranser\/\",\"url\":\"https:\/\/www.budokampsport.se\/2018\/10\/18\/motoriq-sprider-kunskap-idrottsgranser\/\",\"name\":\"MotoriQ sprider kunskap \u00f6ver idrottsgr\u00e4nser - Svenska Budo &amp; Kampsportsf\u00f6rbundet\",\"isPartOf\":{\"@id\":\"https:\/\/www.budokampsport.se\/#website\"},\"primaryImageOfPage\":{\"@id\":\"https:\/\/www.budokampsport.se\/2018\/10\/18\/motoriq-sprider-kunskap-idrottsgranser\/#primaryimage\"},\"image\":{\"@id\":\"https:\/\/www.budokampsport.se\/2018\/10\/18\/motoriq-sprider-kunskap-idrottsgranser\/#primaryimage\"},\"thumbnailUrl\":\"https:\/\/www.budokampsport.se\/wp-content\/uploads\/2018\/10\/mtoriq-barn-bild-e1625209726608.jpg\",\"datePublished\":\"2018-10-18T07:09:40+00:00\",\"dateModified\":\"2019-10-15T12:31:52+00:00\",\"author\":{\"@id\":\"https:\/\/www.budokampsport.se\/#\/schema\/person\/c838cace8171f692e363fde3f38f208b\"},\"description\":\"Svenska Budo &amp; Kampsportsf\u00f6rbundets utbildnings- och utvecklingssatsning MotoriQ forts\u00e4tter, ett koncept vars syfte \u00e4r att fostra motiverande och\",\"breadcrumb\":{\"@id\":\"https:\/\/www.budokampsport.se\/2018\/10\/18\/motoriq-sprider-kunskap-idrottsgranser\/#breadcrumb\"},\"inLanguage\":\"sv-SE\",\"potentialAction\":[{\"@type\":\"ReadAction\",\"target\":[\"https:\/\/www.budokampsport.se\/2018\/10\/18\/motoriq-sprider-kunskap-idrottsgranser\/\"]}]},{\"@type\":\"ImageObject\",\"inLanguage\":\"sv-SE\",\"@id\":\"https:\/\/www.budokampsport.se\/2018\/10\/18\/motoriq-sprider-kunskap-idrottsgranser\/#primaryimage\",\"url\":\"https:\/\/www.budokampsport.se\/wp-content\/uploads\/2018\/10\/mtoriq-barn-bild-e1625209726608.jpg\",\"contentUrl\":\"https:\/\/www.budokampsport.se\/wp-content\/uploads\/2018\/10\/mtoriq-barn-bild-e1625209726608.jpg\",\"width\":850,\"height\":567},{\"@type\":\"BreadcrumbList\",\"@id\":\"https:\/\/www.budokampsport.se\/2018\/10\/18\/motoriq-sprider-kunskap-idrottsgranser\/#breadcrumb\",\"itemListElement\":[{\"@type\":\"ListItem\",\"position\":1,\"name\":\"Hem\",\"item\":\"https:\/\/www.budokampsport.se\/\"},{\"@type\":\"ListItem\",\"position\":2,\"name\":\"MotoriQ sprider kunskap \u00f6ver idrottsgr\u00e4nser\"}]},{\"@type\":\"WebSite\",\"@id\":\"https:\/\/www.budokampsport.se\/#website\",\"url\":\"https:\/\/www.budokampsport.se\/\",\"name\":\"Svenska Budo &amp; Kampsportsf\u00f6rbundet\",\"description\":\"T\u00e4vling, Tr\u00e4ning, Tradition\",\"potentialAction\":[{\"@type\":\"SearchAction\",\"target\":{\"@type\":\"EntryPoint\",\"urlTemplate\":\"https:\/\/www.budokampsport.se\/?s={search_term_string}\"},\"query-input\":{\"@type\":\"PropertyValueSpecification\",\"valueRequired\":true,\"valueName\":\"search_term_string\"}}],\"inLanguage\":\"sv-SE\"},{\"@type\":\"Person\",\"@id\":\"https:\/\/www.budokampsport.se\/#\/schema\/person\/c838cace8171f692e363fde3f38f208b\",\"name\":\"Annie Carriage\",\"image\":{\"@type\":\"ImageObject\",\"inLanguage\":\"sv-SE\",\"@id\":\"https:\/\/www.budokampsport.se\/#\/schema\/person\/image\/\",\"url\":\"https:\/\/secure.gravatar.com\/avatar\/9311295560bdfbdf78365a26f7df1876?s=96&d=blank&r=g\",\"contentUrl\":\"https:\/\/secure.gravatar.com\/avatar\/9311295560bdfbdf78365a26f7df1876?s=96&d=blank&r=g\",\"caption\":\"Annie Carriage\"},\"url\":\"https:\/\/www.budokampsport.se\/author\/annie-bondefelt\/\"}]}<\/script>\n<!-- \/ Yoast SEO plugin. -->","yoast_head_json":{"title":"MotoriQ sprider kunskap \u00f6ver idrottsgr\u00e4nser - Svenska Budo &amp; Kampsportsf\u00f6rbundet","description":"Svenska Budo &amp; Kampsportsf\u00f6rbundets utbildnings- och utvecklingssatsning MotoriQ forts\u00e4tter, ett koncept vars syfte \u00e4r att fostra motiverande och","robots":{"index":"index","follow":"follow","max-snippet":"max-snippet:-1","max-image-preview":"max-image-preview:large","max-video-preview":"max-video-preview:-1"},"canonical":"https:\/\/www.budokampsport.se\/2018\/10\/18\/motoriq-sprider-kunskap-idrottsgranser\/","og_locale":"sv_SE","og_type":"article","og_title":"MotoriQ sprider kunskap \u00f6ver idrottsgr\u00e4nser - Svenska Budo &amp; Kampsportsf\u00f6rbundet","og_description":"Svenska Budo &amp; Kampsportsf\u00f6rbundets utbildnings- och utvecklingssatsning MotoriQ forts\u00e4tter, ett koncept vars syfte \u00e4r att fostra motiverande och","og_url":"https:\/\/www.budokampsport.se\/2018\/10\/18\/motoriq-sprider-kunskap-idrottsgranser\/","og_site_name":"Svenska Budo &amp; Kampsportsf\u00f6rbundet","article_published_time":"2018-10-18T07:09:40+00:00","article_modified_time":"2019-10-15T12:31:52+00:00","og_image":[{"width":850,"height":567,"url":"https:\/\/www.budokampsport.se\/wp-content\/uploads\/2018\/10\/mtoriq-barn-bild-e1625209726608.jpg","type":"image\/jpeg"}],"author":"Annie Carriage","twitter_card":"summary_large_image","twitter_misc":{"Skriven av":"Annie Carriage","Ber\u00e4knad l\u00e4stid":"2 minuter"},"schema":{"@context":"https:\/\/schema.org","@graph":[{"@type":"Article","@id":"https:\/\/www.budokampsport.se\/2018\/10\/18\/motoriq-sprider-kunskap-idrottsgranser\/#article","isPartOf":{"@id":"https:\/\/www.budokampsport.se\/2018\/10\/18\/motoriq-sprider-kunskap-idrottsgranser\/"},"author":{"name":"Annie Carriage","@id":"https:\/\/www.budokampsport.se\/#\/schema\/person\/c838cace8171f692e363fde3f38f208b"},"headline":"MotoriQ sprider kunskap \u00f6ver idrottsgr\u00e4nser","datePublished":"2018-10-18T07:09:40+00:00","dateModified":"2019-10-15T12:31:52+00:00","mainEntityOfPage":{"@id":"https:\/\/www.budokampsport.se\/2018\/10\/18\/motoriq-sprider-kunskap-idrottsgranser\/"},"wordCount":463,"commentCount":0,"image":{"@id":"https:\/\/www.budokampsport.se\/2018\/10\/18\/motoriq-sprider-kunskap-idrottsgranser\/#primaryimage"},"thumbnailUrl":"https:\/\/www.budokampsport.se\/wp-content\/uploads\/2018\/10\/mtoriq-barn-bild-e1625209726608.jpg","articleSection":["MotoriQ"],"inLanguage":"sv-SE","potentialAction":[{"@type":"CommentAction","name":"Comment","target":["https:\/\/www.budokampsport.se\/2018\/10\/18\/motoriq-sprider-kunskap-idrottsgranser\/#respond"]}]},{"@type":"WebPage","@id":"https:\/\/www.budokampsport.se\/2018\/10\/18\/motoriq-sprider-kunskap-idrottsgranser\/","url":"https:\/\/www.budokampsport.se\/2018\/10\/18\/motoriq-sprider-kunskap-idrottsgranser\/","name":"MotoriQ sprider kunskap \u00f6ver idrottsgr\u00e4nser - Svenska Budo &amp; Kampsportsf\u00f6rbundet","isPartOf":{"@id":"https:\/\/www.budokampsport.se\/#website"},"primaryImageOfPage":{"@id":"https:\/\/www.budokampsport.se\/2018\/10\/18\/motoriq-sprider-kunskap-idrottsgranser\/#primaryimage"},"image":{"@id":"https:\/\/www.budokampsport.se\/2018\/10\/18\/motoriq-sprider-kunskap-idrottsgranser\/#primaryimage"},"thumbnailUrl":"https:\/\/www.budokampsport.se\/wp-content\/uploads\/2018\/10\/mtoriq-barn-bild-e1625209726608.jpg","datePublished":"2018-10-18T07:09:40+00:00","dateModified":"2019-10-15T12:31:52+00:00","author":{"@id":"https:\/\/www.budokampsport.se\/#\/schema\/person\/c838cace8171f692e363fde3f38f208b"},"description":"Svenska Budo &amp; Kampsportsf\u00f6rbundets utbildnings- och utvecklingssatsning MotoriQ forts\u00e4tter, ett koncept vars syfte \u00e4r att fostra motiverande och","breadcrumb":{"@id":"https:\/\/www.budokampsport.se\/2018\/10\/18\/motoriq-sprider-kunskap-idrottsgranser\/#breadcrumb"},"inLanguage":"sv-SE","potentialAction":[{"@type":"ReadAction","target":["https:\/\/www.budokampsport.se\/2018\/10\/18\/motoriq-sprider-kunskap-idrottsgranser\/"]}]},{"@type":"ImageObject","inLanguage":"sv-SE","@id":"https:\/\/www.budokampsport.se\/2018\/10\/18\/motoriq-sprider-kunskap-idrottsgranser\/#primaryimage","url":"https:\/\/www.budokampsport.se\/wp-content\/uploads\/2018\/10\/mtoriq-barn-bild-e1625209726608.jpg","contentUrl":"https:\/\/www.budokampsport.se\/wp-content\/uploads\/2018\/10\/mtoriq-barn-bild-e1625209726608.jpg","width":850,"height":567},{"@type":"BreadcrumbList","@id":"https:\/\/www.budokampsport.se\/2018\/10\/18\/motoriq-sprider-kunskap-idrottsgranser\/#breadcrumb","itemListElement":[{"@type":"ListItem","position":1,"name":"Hem","item":"https:\/\/www.budokampsport.se\/"},{"@type":"ListItem","position":2,"name":"MotoriQ sprider kunskap \u00f6ver idrottsgr\u00e4nser"}]},{"@type":"WebSite","@id":"https:\/\/www.budokampsport.se\/#website","url":"https:\/\/www.budokampsport.se\/","name":"Svenska Budo &amp; Kampsportsf\u00f6rbundet","description":"T\u00e4vling, Tr\u00e4ning, Tradition","potentialAction":[{"@type":"SearchAction","target":{"@type":"EntryPoint","urlTemplate":"https:\/\/www.budokampsport.se\/?s={search_term_string}"},"query-input":{"@type":"PropertyValueSpecification","valueRequired":true,"valueName":"search_term_string"}}],"inLanguage":"sv-SE"},{"@type":"Person","@id":"https:\/\/www.budokampsport.se\/#\/schema\/person\/c838cace8171f692e363fde3f38f208b","name":"Annie Carriage","image":{"@type":"ImageObject","inLanguage":"sv-SE","@id":"https:\/\/www.budokampsport.se\/#\/schema\/person\/image\/","url":"https:\/\/secure.gravatar.com\/avatar\/9311295560bdfbdf78365a26f7df1876?s=96&d=blank&r=g","contentUrl":"https:\/\/secure.gravatar.com\/avatar\/9311295560bdfbdf78365a26f7df1876?s=96&d=blank&r=g","caption":"Annie Carriage"},"url":"https:\/\/www.budokampsport.se\/author\/annie-bondefelt\/"}]}},"_links":{"self":[{"href":"https:\/\/www.budokampsport.se\/api\/wp\/v2\/posts\/79881","targetHints":{"allow":["GET"]}}],"collection":[{"href":"https:\/\/www.budokampsport.se\/api\/wp\/v2\/posts"}],"about":[{"href":"https:\/\/www.budokampsport.se\/api\/wp\/v2\/types\/post"}],"author":[{"embeddable":true,"href":"https:\/\/www.budokampsport.se\/api\/wp\/v2\/users\/120"}],"replies":[{"embeddable":true,"href":"https:\/\/www.budokampsport.se\/api\/wp\/v2\/comments?post=79881"}],"version-history":[{"count":0,"href":"https:\/\/www.budokampsport.se\/api\/wp\/v2\/posts\/79881\/revisions"}],"wp:featuredmedia":[{"embeddable":true,"href":"https:\/\/www.budokampsport.se\/api\/wp\/v2\/media\/79883"}],"wp:attachment":[{"href":"https:\/\/www.budokampsport.se\/api\/wp\/v2\/media?parent=79881"}],"wp:term":[{"taxonomy":"category","embeddable":true,"href":"https:\/\/www.budokampsport.se\/api\/wp\/v2\/categories?post=79881"},{"taxonomy":"post_tag","embeddable":true,"href":"https:\/\/www.budokampsport.se\/api\/wp\/v2\/tags?post=79881"}],"curies":[{"name":"wp","href":"https:\/\/api.w.org\/{rel}","templated":true}]}}