{"id":79987,"date":"2018-10-18T15:00:48","date_gmt":"2018-10-18T13:00:48","guid":{"rendered":"http:\/\/www.budokampsport.se\/?p=79987"},"modified":"2018-10-18T15:38:43","modified_gmt":"2018-10-18T13:38:43","slug":"dorothea-schander-och-carolina-bergman-tog-em-brons","status":"publish","type":"post","link":"https:\/\/www.budokampsport.se\/2018\/10\/18\/dorothea-schander-och-carolina-bergman-tog-em-brons\/","title":{"rendered":"Dorothea Schander och Carolina Bergman tog varsitt EM-brons"},"content":{"rendered":"<p><span style=\"font-size: 14pt;\">Tv\u00e5 EM-brons till Sverige under m\u00e4sterskapen i Bratislava.<\/span><\/p>\n<p><strong>Carolina Bergman och Dorothea Schander tog EM-brons till Sverige<\/strong><br \/>\nCarolina Bergman klev upp mot slovakiskan Sofia Adameckova n\u00e4r semifinalen i -65 kg skulle avg\u00f6ras och det blev en sp\u00e4nnande drabbning. En av svenskans styrkor \u00e4r att l\u00e4sa sina motst\u00e5ndares r\u00f6relsem\u00f6nster och f\u00f6rutse dennes attacker och Carolina \u00f6verraskade ingen genom att g\u00f6ra just detta. Carolina s\u00e5g inledningsvis stark ut men slovakiskan satte upp ett h\u00f6gt tempo redan i b\u00f6rjan av matchen och lyckas avv\u00e4pna svenskans attacker genom frontsparkar. B\u00e4gge var mycket aktiva och hade snabb boxning men slovakiskan hade ett litet l\u00e4ngd\u00f6vertag som gjorde att hon fick in fler tr\u00e4ffar. I den tredje ronden s\u00e5g det ut som Adameckova tr\u00f6ttnade n\u00e5got men beh\u00f6ll fortfarande ledningen och arbetade smart med sitt f\u00f6rsvar och stod till slut som finalist medan Carolina tog EM-bronset.<br \/>\n&#8211; Det var en sv\u00e5r motst\u00e5ndare. Hon var avig och hade en stil jag inte \u00e4r s\u00e5 van vid. Det var v\u00e4l det hon vann p\u00e5.<br \/>\n&#8211; Det \u00e4r lite blandade k\u00e4nslor nu. Det \u00e4r kul att ha lyckats ta mig s\u00e5 l\u00e5ngt som till ett EM-brons, i mitt f\u00f6rsta stora m\u00e4sterskap, men samtidigt \u00e4r jag besviken \u00f6ver att jag inte kom l\u00e4ngre. Jag ville vinna guld. Jag \u00e4r mer besviken \u00e4n glad, om man s\u00e4ger s\u00e5, s\u00e4ger hon till budokampsport.se.<\/p>\n<p><strong>Dorothea Schander<\/strong> m\u00f6tte en b\u00e5de snabb och teknisk kunnig motst\u00e5ndare i polskan Natalia Panas. B\u00e5de Dorothea och polskan visade upp kvicka sparkar och utbyte lowkicks i rask takt inledningsvis, Dorothea hade flera dubbla sparkar som hon pressade polskan med men Panas jobbade i h\u00f6gt tempo utan andningspaus och h\u00f6jde \u00e4ven takten \u00e4nnu mer i den andra ronden. Polskan f\u00e5r ett po\u00e4ng\u00f6vertag som hon vaktar genom en v\u00e4gg av frontsparkar liksom ett bra fotarbete, Dorothea svarar med att v\u00e4xelvis levererar h\u00f6ger- och v\u00e4nstersparkar men polskans offensiva stil blir till slut Dorotheas fall. Polskan g\u00e5r vidare till final medan Dorothea tog hem bronset.<\/p>\n<p><strong>Mattias Grimberg f\u00f6rlust efter intensivt men kort m\u00f6te med\u00a0Dzmitry Baranau<\/strong><br \/>\nMattias Grimberg gick upp i ringen och m\u00f6tte Dzmitry Baranau fr\u00e5n Bulgarien i kvartsfinalen i 81-kilosklassen, b\u00e4gge killarna g\u00e5r in stenh\u00e5rt i K1-fighten och bulgaren levererar h\u00e5rda krokar och flera spektakul\u00e4ra tekniker. Bulgaren hade ett r\u00e4tt limiterat avst\u00e5nd till svensken som gjorde att Mattias hade lite problem med att f\u00e5 utrymme f\u00f6r sina tekniker men pressade stundtals bulgaren i den j\u00e4mna matchen. Ronden b\u00f6rjade n\u00e4rma sig sitt slut n\u00e4r domaren avbr\u00f6t matchen efter ett misst\u00e4nkt cut \u00f6ver Mattias \u00f6gonbryn, n\u00e5got som ocks\u00e5 bekr\u00e4ftades av ringens l\u00e4kare. Tyv\u00e4rr slutade d\u00e4rmed Mattias kvartsfinal med f\u00f6rlust denna g\u00e5ng.<\/p>\n<p>Text: Annie Bondefelt och Jonathan Broberg<br \/>\nFoto: Svenska Kickboxningsf\u00f6rbundet<\/p>\n","protected":false},"excerpt":{"rendered":"<p>Tv\u00e5 EM-brons till Sverige under m\u00e4sterskapen i Bratislava. Carolina Bergman [&#8230;]<\/p><br>","protected":false},"author":120,"featured_media":80002,"comment_status":"open","ping_status":"open","sticky":false,"template":"","format":"standard","meta":{"_acf_changed":false,"footnotes":""},"categories":[1],"tags":[],"class_list":["post-79987","post","type-post","status-publish","format-standard","has-post-thumbnail","hentry","category-okategoriserade"],"acf":[],"yoast_head":"<!-- This site is optimized with the Yoast SEO plugin v26.8 - https:\/\/yoast.com\/product\/yoast-seo-wordpress\/ -->\n<title>Dorothea Schander och Carolina Bergman tog varsitt EM-brons - Svenska Budo &amp; Kampsportsf\u00f6rbundet<\/title>\n<meta name=\"description\" content=\"Tv\u00e5 EM-brons till Sverige under m\u00e4sterskapen i Bratislava. Carolina Bergman och Dorothea Schander tog EM-brons till Sverige Carolina Bergman klev upp mot\" \/>\n<meta name=\"robots\" content=\"index, follow, max-snippet:-1, max-image-preview:large, max-video-preview:-1\" \/>\n<link rel=\"canonical\" href=\"https:\/\/www.budokampsport.se\/2018\/10\/18\/dorothea-schander-och-carolina-bergman-tog-em-brons\/\" \/>\n<meta property=\"og:locale\" content=\"sv_SE\" \/>\n<meta property=\"og:type\" content=\"article\" \/>\n<meta property=\"og:title\" content=\"Dorothea Schander och Carolina Bergman tog varsitt EM-brons - Svenska Budo &amp; Kampsportsf\u00f6rbundet\" \/>\n<meta property=\"og:description\" content=\"Tv\u00e5 EM-brons till Sverige under m\u00e4sterskapen i Bratislava. Carolina Bergman och Dorothea Schander tog EM-brons till Sverige Carolina Bergman klev upp mot\" \/>\n<meta property=\"og:url\" content=\"https:\/\/www.budokampsport.se\/2018\/10\/18\/dorothea-schander-och-carolina-bergman-tog-em-brons\/\" \/>\n<meta property=\"og:site_name\" content=\"Svenska Budo &amp; Kampsportsf\u00f6rbundet\" \/>\n<meta property=\"article:published_time\" content=\"2018-10-18T13:00:48+00:00\" \/>\n<meta property=\"article:modified_time\" content=\"2018-10-18T13:38:43+00:00\" \/>\n<meta property=\"og:image\" content=\"https:\/\/www.budokampsport.se\/wp-content\/uploads\/2018\/10\/f.jpg\" \/>\n\t<meta property=\"og:image:width\" content=\"401\" \/>\n\t<meta property=\"og:image:height\" content=\"332\" \/>\n\t<meta property=\"og:image:type\" content=\"image\/jpeg\" \/>\n<meta name=\"author\" content=\"Annie Carriage\" \/>\n<meta name=\"twitter:card\" content=\"summary_large_image\" \/>\n<meta name=\"twitter:label1\" content=\"Skriven av\" \/>\n\t<meta name=\"twitter:data1\" content=\"Annie Carriage\" \/>\n\t<meta name=\"twitter:label2\" content=\"Ber\u00e4knad l\u00e4stid\" \/>\n\t<meta name=\"twitter:data2\" content=\"3 minuter\" \/>\n<script type=\"application\/ld+json\" class=\"yoast-schema-graph\">{\"@context\":\"https:\/\/schema.org\",\"@graph\":[{\"@type\":\"Article\",\"@id\":\"https:\/\/www.budokampsport.se\/2018\/10\/18\/dorothea-schander-och-carolina-bergman-tog-em-brons\/#article\",\"isPartOf\":{\"@id\":\"https:\/\/www.budokampsport.se\/2018\/10\/18\/dorothea-schander-och-carolina-bergman-tog-em-brons\/\"},\"author\":{\"name\":\"Annie Carriage\",\"@id\":\"https:\/\/www.budokampsport.se\/#\/schema\/person\/c838cace8171f692e363fde3f38f208b\"},\"headline\":\"Dorothea Schander och Carolina Bergman tog varsitt EM-brons\",\"datePublished\":\"2018-10-18T13:00:48+00:00\",\"dateModified\":\"2018-10-18T13:38:43+00:00\",\"mainEntityOfPage\":{\"@id\":\"https:\/\/www.budokampsport.se\/2018\/10\/18\/dorothea-schander-och-carolina-bergman-tog-em-brons\/\"},\"wordCount\":518,\"commentCount\":0,\"image\":{\"@id\":\"https:\/\/www.budokampsport.se\/2018\/10\/18\/dorothea-schander-och-carolina-bergman-tog-em-brons\/#primaryimage\"},\"thumbnailUrl\":\"https:\/\/www.budokampsport.se\/wp-content\/uploads\/2018\/10\/f.jpg\",\"inLanguage\":\"sv-SE\",\"potentialAction\":[{\"@type\":\"CommentAction\",\"name\":\"Comment\",\"target\":[\"https:\/\/www.budokampsport.se\/2018\/10\/18\/dorothea-schander-och-carolina-bergman-tog-em-brons\/#respond\"]}]},{\"@type\":\"WebPage\",\"@id\":\"https:\/\/www.budokampsport.se\/2018\/10\/18\/dorothea-schander-och-carolina-bergman-tog-em-brons\/\",\"url\":\"https:\/\/www.budokampsport.se\/2018\/10\/18\/dorothea-schander-och-carolina-bergman-tog-em-brons\/\",\"name\":\"Dorothea Schander och Carolina Bergman tog varsitt EM-brons - Svenska Budo &amp; Kampsportsf\u00f6rbundet\",\"isPartOf\":{\"@id\":\"https:\/\/www.budokampsport.se\/#website\"},\"primaryImageOfPage\":{\"@id\":\"https:\/\/www.budokampsport.se\/2018\/10\/18\/dorothea-schander-och-carolina-bergman-tog-em-brons\/#primaryimage\"},\"image\":{\"@id\":\"https:\/\/www.budokampsport.se\/2018\/10\/18\/dorothea-schander-och-carolina-bergman-tog-em-brons\/#primaryimage\"},\"thumbnailUrl\":\"https:\/\/www.budokampsport.se\/wp-content\/uploads\/2018\/10\/f.jpg\",\"datePublished\":\"2018-10-18T13:00:48+00:00\",\"dateModified\":\"2018-10-18T13:38:43+00:00\",\"author\":{\"@id\":\"https:\/\/www.budokampsport.se\/#\/schema\/person\/c838cace8171f692e363fde3f38f208b\"},\"description\":\"Tv\u00e5 EM-brons till Sverige under m\u00e4sterskapen i Bratislava. Carolina Bergman och Dorothea Schander tog EM-brons till Sverige Carolina Bergman klev upp mot\",\"breadcrumb\":{\"@id\":\"https:\/\/www.budokampsport.se\/2018\/10\/18\/dorothea-schander-och-carolina-bergman-tog-em-brons\/#breadcrumb\"},\"inLanguage\":\"sv-SE\",\"potentialAction\":[{\"@type\":\"ReadAction\",\"target\":[\"https:\/\/www.budokampsport.se\/2018\/10\/18\/dorothea-schander-och-carolina-bergman-tog-em-brons\/\"]}]},{\"@type\":\"ImageObject\",\"inLanguage\":\"sv-SE\",\"@id\":\"https:\/\/www.budokampsport.se\/2018\/10\/18\/dorothea-schander-och-carolina-bergman-tog-em-brons\/#primaryimage\",\"url\":\"https:\/\/www.budokampsport.se\/wp-content\/uploads\/2018\/10\/f.jpg\",\"contentUrl\":\"https:\/\/www.budokampsport.se\/wp-content\/uploads\/2018\/10\/f.jpg\",\"width\":401,\"height\":332},{\"@type\":\"BreadcrumbList\",\"@id\":\"https:\/\/www.budokampsport.se\/2018\/10\/18\/dorothea-schander-och-carolina-bergman-tog-em-brons\/#breadcrumb\",\"itemListElement\":[{\"@type\":\"ListItem\",\"position\":1,\"name\":\"Hem\",\"item\":\"https:\/\/www.budokampsport.se\/\"},{\"@type\":\"ListItem\",\"position\":2,\"name\":\"Dorothea Schander och Carolina Bergman tog varsitt EM-brons\"}]},{\"@type\":\"WebSite\",\"@id\":\"https:\/\/www.budokampsport.se\/#website\",\"url\":\"https:\/\/www.budokampsport.se\/\",\"name\":\"Svenska Budo &amp; Kampsportsf\u00f6rbundet\",\"description\":\"T\u00e4vling, Tr\u00e4ning, Tradition\",\"potentialAction\":[{\"@type\":\"SearchAction\",\"target\":{\"@type\":\"EntryPoint\",\"urlTemplate\":\"https:\/\/www.budokampsport.se\/?s={search_term_string}\"},\"query-input\":{\"@type\":\"PropertyValueSpecification\",\"valueRequired\":true,\"valueName\":\"search_term_string\"}}],\"inLanguage\":\"sv-SE\"},{\"@type\":\"Person\",\"@id\":\"https:\/\/www.budokampsport.se\/#\/schema\/person\/c838cace8171f692e363fde3f38f208b\",\"name\":\"Annie Carriage\",\"image\":{\"@type\":\"ImageObject\",\"inLanguage\":\"sv-SE\",\"@id\":\"https:\/\/www.budokampsport.se\/#\/schema\/person\/image\/\",\"url\":\"https:\/\/secure.gravatar.com\/avatar\/9311295560bdfbdf78365a26f7df1876?s=96&d=blank&r=g\",\"contentUrl\":\"https:\/\/secure.gravatar.com\/avatar\/9311295560bdfbdf78365a26f7df1876?s=96&d=blank&r=g\",\"caption\":\"Annie Carriage\"},\"url\":\"https:\/\/www.budokampsport.se\/author\/annie-bondefelt\/\"}]}<\/script>\n<!-- \/ Yoast SEO plugin. -->","yoast_head_json":{"title":"Dorothea Schander och Carolina Bergman tog varsitt EM-brons - Svenska Budo &amp; Kampsportsf\u00f6rbundet","description":"Tv\u00e5 EM-brons till Sverige under m\u00e4sterskapen i Bratislava. Carolina Bergman och Dorothea Schander tog EM-brons till Sverige Carolina Bergman klev upp mot","robots":{"index":"index","follow":"follow","max-snippet":"max-snippet:-1","max-image-preview":"max-image-preview:large","max-video-preview":"max-video-preview:-1"},"canonical":"https:\/\/www.budokampsport.se\/2018\/10\/18\/dorothea-schander-och-carolina-bergman-tog-em-brons\/","og_locale":"sv_SE","og_type":"article","og_title":"Dorothea Schander och Carolina Bergman tog varsitt EM-brons - Svenska Budo &amp; Kampsportsf\u00f6rbundet","og_description":"Tv\u00e5 EM-brons till Sverige under m\u00e4sterskapen i Bratislava. Carolina Bergman och Dorothea Schander tog EM-brons till Sverige Carolina Bergman klev upp mot","og_url":"https:\/\/www.budokampsport.se\/2018\/10\/18\/dorothea-schander-och-carolina-bergman-tog-em-brons\/","og_site_name":"Svenska Budo &amp; Kampsportsf\u00f6rbundet","article_published_time":"2018-10-18T13:00:48+00:00","article_modified_time":"2018-10-18T13:38:43+00:00","og_image":[{"width":401,"height":332,"url":"https:\/\/www.budokampsport.se\/wp-content\/uploads\/2018\/10\/f.jpg","type":"image\/jpeg"}],"author":"Annie Carriage","twitter_card":"summary_large_image","twitter_misc":{"Skriven av":"Annie Carriage","Ber\u00e4knad l\u00e4stid":"3 minuter"},"schema":{"@context":"https:\/\/schema.org","@graph":[{"@type":"Article","@id":"https:\/\/www.budokampsport.se\/2018\/10\/18\/dorothea-schander-och-carolina-bergman-tog-em-brons\/#article","isPartOf":{"@id":"https:\/\/www.budokampsport.se\/2018\/10\/18\/dorothea-schander-och-carolina-bergman-tog-em-brons\/"},"author":{"name":"Annie Carriage","@id":"https:\/\/www.budokampsport.se\/#\/schema\/person\/c838cace8171f692e363fde3f38f208b"},"headline":"Dorothea Schander och Carolina Bergman tog varsitt EM-brons","datePublished":"2018-10-18T13:00:48+00:00","dateModified":"2018-10-18T13:38:43+00:00","mainEntityOfPage":{"@id":"https:\/\/www.budokampsport.se\/2018\/10\/18\/dorothea-schander-och-carolina-bergman-tog-em-brons\/"},"wordCount":518,"commentCount":0,"image":{"@id":"https:\/\/www.budokampsport.se\/2018\/10\/18\/dorothea-schander-och-carolina-bergman-tog-em-brons\/#primaryimage"},"thumbnailUrl":"https:\/\/www.budokampsport.se\/wp-content\/uploads\/2018\/10\/f.jpg","inLanguage":"sv-SE","potentialAction":[{"@type":"CommentAction","name":"Comment","target":["https:\/\/www.budokampsport.se\/2018\/10\/18\/dorothea-schander-och-carolina-bergman-tog-em-brons\/#respond"]}]},{"@type":"WebPage","@id":"https:\/\/www.budokampsport.se\/2018\/10\/18\/dorothea-schander-och-carolina-bergman-tog-em-brons\/","url":"https:\/\/www.budokampsport.se\/2018\/10\/18\/dorothea-schander-och-carolina-bergman-tog-em-brons\/","name":"Dorothea Schander och Carolina Bergman tog varsitt EM-brons - Svenska Budo &amp; Kampsportsf\u00f6rbundet","isPartOf":{"@id":"https:\/\/www.budokampsport.se\/#website"},"primaryImageOfPage":{"@id":"https:\/\/www.budokampsport.se\/2018\/10\/18\/dorothea-schander-och-carolina-bergman-tog-em-brons\/#primaryimage"},"image":{"@id":"https:\/\/www.budokampsport.se\/2018\/10\/18\/dorothea-schander-och-carolina-bergman-tog-em-brons\/#primaryimage"},"thumbnailUrl":"https:\/\/www.budokampsport.se\/wp-content\/uploads\/2018\/10\/f.jpg","datePublished":"2018-10-18T13:00:48+00:00","dateModified":"2018-10-18T13:38:43+00:00","author":{"@id":"https:\/\/www.budokampsport.se\/#\/schema\/person\/c838cace8171f692e363fde3f38f208b"},"description":"Tv\u00e5 EM-brons till Sverige under m\u00e4sterskapen i Bratislava. Carolina Bergman och Dorothea Schander tog EM-brons till Sverige Carolina Bergman klev upp mot","breadcrumb":{"@id":"https:\/\/www.budokampsport.se\/2018\/10\/18\/dorothea-schander-och-carolina-bergman-tog-em-brons\/#breadcrumb"},"inLanguage":"sv-SE","potentialAction":[{"@type":"ReadAction","target":["https:\/\/www.budokampsport.se\/2018\/10\/18\/dorothea-schander-och-carolina-bergman-tog-em-brons\/"]}]},{"@type":"ImageObject","inLanguage":"sv-SE","@id":"https:\/\/www.budokampsport.se\/2018\/10\/18\/dorothea-schander-och-carolina-bergman-tog-em-brons\/#primaryimage","url":"https:\/\/www.budokampsport.se\/wp-content\/uploads\/2018\/10\/f.jpg","contentUrl":"https:\/\/www.budokampsport.se\/wp-content\/uploads\/2018\/10\/f.jpg","width":401,"height":332},{"@type":"BreadcrumbList","@id":"https:\/\/www.budokampsport.se\/2018\/10\/18\/dorothea-schander-och-carolina-bergman-tog-em-brons\/#breadcrumb","itemListElement":[{"@type":"ListItem","position":1,"name":"Hem","item":"https:\/\/www.budokampsport.se\/"},{"@type":"ListItem","position":2,"name":"Dorothea Schander och Carolina Bergman tog varsitt EM-brons"}]},{"@type":"WebSite","@id":"https:\/\/www.budokampsport.se\/#website","url":"https:\/\/www.budokampsport.se\/","name":"Svenska Budo &amp; Kampsportsf\u00f6rbundet","description":"T\u00e4vling, Tr\u00e4ning, Tradition","potentialAction":[{"@type":"SearchAction","target":{"@type":"EntryPoint","urlTemplate":"https:\/\/www.budokampsport.se\/?s={search_term_string}"},"query-input":{"@type":"PropertyValueSpecification","valueRequired":true,"valueName":"search_term_string"}}],"inLanguage":"sv-SE"},{"@type":"Person","@id":"https:\/\/www.budokampsport.se\/#\/schema\/person\/c838cace8171f692e363fde3f38f208b","name":"Annie Carriage","image":{"@type":"ImageObject","inLanguage":"sv-SE","@id":"https:\/\/www.budokampsport.se\/#\/schema\/person\/image\/","url":"https:\/\/secure.gravatar.com\/avatar\/9311295560bdfbdf78365a26f7df1876?s=96&d=blank&r=g","contentUrl":"https:\/\/secure.gravatar.com\/avatar\/9311295560bdfbdf78365a26f7df1876?s=96&d=blank&r=g","caption":"Annie Carriage"},"url":"https:\/\/www.budokampsport.se\/author\/annie-bondefelt\/"}]}},"_links":{"self":[{"href":"https:\/\/www.budokampsport.se\/api\/wp\/v2\/posts\/79987","targetHints":{"allow":["GET"]}}],"collection":[{"href":"https:\/\/www.budokampsport.se\/api\/wp\/v2\/posts"}],"about":[{"href":"https:\/\/www.budokampsport.se\/api\/wp\/v2\/types\/post"}],"author":[{"embeddable":true,"href":"https:\/\/www.budokampsport.se\/api\/wp\/v2\/users\/120"}],"replies":[{"embeddable":true,"href":"https:\/\/www.budokampsport.se\/api\/wp\/v2\/comments?post=79987"}],"version-history":[{"count":0,"href":"https:\/\/www.budokampsport.se\/api\/wp\/v2\/posts\/79987\/revisions"}],"wp:featuredmedia":[{"embeddable":true,"href":"https:\/\/www.budokampsport.se\/api\/wp\/v2\/media\/80002"}],"wp:attachment":[{"href":"https:\/\/www.budokampsport.se\/api\/wp\/v2\/media?parent=79987"}],"wp:term":[{"taxonomy":"category","embeddable":true,"href":"https:\/\/www.budokampsport.se\/api\/wp\/v2\/categories?post=79987"},{"taxonomy":"post_tag","embeddable":true,"href":"https:\/\/www.budokampsport.se\/api\/wp\/v2\/tags?post=79987"}],"curies":[{"name":"wp","href":"https:\/\/api.w.org\/{rel}","templated":true}]}}