{"id":80863,"date":"2018-10-30T16:33:59","date_gmt":"2018-10-30T15:33:59","guid":{"rendered":"http:\/\/www.budokampsport.se\/?p=80863"},"modified":"2018-11-09T17:51:05","modified_gmt":"2018-11-09T16:51:05","slug":"natverkstraff-viktklassidrotter","status":"publish","type":"post","link":"https:\/\/www.budokampsport.se\/2018\/10\/30\/natverkstraff-viktklassidrotter\/","title":{"rendered":"N\u00e4tverkstr\u00e4ff viktklassidrotter"},"content":{"rendered":"<p>Riksidrottsf\u00f6rbundets Elitidrottsst\u00f6d bjuder in till en heldag p\u00e5 temat viktklassidrott p\u00e5 ett h\u00e4lsosamt s\u00e4tt. Det blir s\u00e4rskilt fokus p\u00e5 kunskap om, perspektiv p\u00e5 och erfarenheter av elitutveckling inom viktklassidrotter. Tr\u00e4ffen v\u00e4nder sig s\u00e4rskilt till viktklassidrotter men \u00e4ven andra idrotter d\u00e4r reglering av kroppsvikt kan ha betydelse \u00e4r varmt v\u00e4lkomna.<\/p>\n<p><strong>M\u00e5lgrupp<\/strong><br \/>\nF\u00f6rbundskaptener, landslagstr\u00e4nare, elittr\u00e4nare eller motsvarande till aktiva p\u00e5 junior- eller seniorniv\u00e5 med koppling till elit- eller landslagsverksamhet.<\/p>\n<p><strong>Inbjudan<\/strong><br \/>\nInformation och anm\u00e4lningsl\u00e4nk i <a href=\"http:\/\/www.svenskidrott.se\/Elitidrott\/utbildningarochnatverkstraffar\/\" target=\"_blank\" rel=\"noopener\">inbjudan<\/a>.<\/p>\n<p>&nbsp;<\/p>\n<p>&nbsp;<\/p>\n","protected":false},"excerpt":{"rendered":"<p>Riksidrottsf\u00f6rbundets Elitidrottsst\u00f6d bjuder in till en heldag p\u00e5 temat viktklassidrott [&#8230;]<\/p><br>","protected":false},"author":47,"featured_media":80897,"comment_status":"open","ping_status":"open","sticky":false,"template":"","format":"standard","meta":{"_acf_changed":false,"footnotes":""},"categories":[273],"tags":[],"class_list":["post-80863","post","type-post","status-publish","format-standard","has-post-thumbnail","hentry","category-utbildning"],"acf":[],"yoast_head":"<!-- This site is optimized with the Yoast SEO plugin v26.8 - https:\/\/yoast.com\/product\/yoast-seo-wordpress\/ -->\n<title>N\u00e4tverkstr\u00e4ff viktklassidrotter - Svenska Budo &amp; Kampsportsf\u00f6rbundet<\/title>\n<meta name=\"description\" content=\"Riksidrottsf\u00f6rbundets Elitidrottsst\u00f6d bjuder in till en heldag p\u00e5 temat viktklassidrott p\u00e5 ett h\u00e4lsosamt s\u00e4tt. Det blir s\u00e4rskilt fokus p\u00e5 kunskap om,\" \/>\n<meta name=\"robots\" content=\"index, follow, max-snippet:-1, max-image-preview:large, max-video-preview:-1\" \/>\n<link rel=\"canonical\" href=\"https:\/\/www.budokampsport.se\/2018\/10\/30\/natverkstraff-viktklassidrotter\/\" \/>\n<meta property=\"og:locale\" content=\"sv_SE\" \/>\n<meta property=\"og:type\" content=\"article\" \/>\n<meta property=\"og:title\" content=\"N\u00e4tverkstr\u00e4ff viktklassidrotter - Svenska Budo &amp; Kampsportsf\u00f6rbundet\" \/>\n<meta property=\"og:description\" content=\"Riksidrottsf\u00f6rbundets Elitidrottsst\u00f6d bjuder in till en heldag p\u00e5 temat viktklassidrott p\u00e5 ett h\u00e4lsosamt s\u00e4tt. Det blir s\u00e4rskilt fokus p\u00e5 kunskap om,\" \/>\n<meta property=\"og:url\" content=\"https:\/\/www.budokampsport.se\/2018\/10\/30\/natverkstraff-viktklassidrotter\/\" \/>\n<meta property=\"og:site_name\" content=\"Svenska Budo &amp; Kampsportsf\u00f6rbundet\" \/>\n<meta property=\"article:published_time\" content=\"2018-10-30T15:33:59+00:00\" \/>\n<meta property=\"article:modified_time\" content=\"2018-11-09T16:51:05+00:00\" \/>\n<meta property=\"og:image\" content=\"https:\/\/www.budokampsport.se\/wp-content\/uploads\/2018\/10\/Natverkstraff-viktklassidrotter.jpg\" \/>\n\t<meta property=\"og:image:width\" content=\"665\" \/>\n\t<meta property=\"og:image:height\" content=\"216\" \/>\n\t<meta property=\"og:image:type\" content=\"image\/jpeg\" \/>\n<meta name=\"author\" content=\"Sofia Arnbom\" \/>\n<meta name=\"twitter:card\" content=\"summary_large_image\" \/>\n<meta name=\"twitter:label1\" content=\"Skriven av\" \/>\n\t<meta name=\"twitter:data1\" content=\"Sofia Arnbom\" \/>\n<script type=\"application\/ld+json\" class=\"yoast-schema-graph\">{\"@context\":\"https:\/\/schema.org\",\"@graph\":[{\"@type\":\"Article\",\"@id\":\"https:\/\/www.budokampsport.se\/2018\/10\/30\/natverkstraff-viktklassidrotter\/#article\",\"isPartOf\":{\"@id\":\"https:\/\/www.budokampsport.se\/2018\/10\/30\/natverkstraff-viktklassidrotter\/\"},\"author\":{\"name\":\"Sofia Arnbom\",\"@id\":\"https:\/\/www.budokampsport.se\/#\/schema\/person\/666f754cfbc6f9a83a8c253cd24ad660\"},\"headline\":\"N\u00e4tverkstr\u00e4ff viktklassidrotter\",\"datePublished\":\"2018-10-30T15:33:59+00:00\",\"dateModified\":\"2018-11-09T16:51:05+00:00\",\"mainEntityOfPage\":{\"@id\":\"https:\/\/www.budokampsport.se\/2018\/10\/30\/natverkstraff-viktklassidrotter\/\"},\"wordCount\":95,\"commentCount\":0,\"image\":{\"@id\":\"https:\/\/www.budokampsport.se\/2018\/10\/30\/natverkstraff-viktklassidrotter\/#primaryimage\"},\"thumbnailUrl\":\"https:\/\/www.budokampsport.se\/wp-content\/uploads\/2018\/10\/Natverkstraff-viktklassidrotter.jpg\",\"articleSection\":[\"Utbildning\"],\"inLanguage\":\"sv-SE\",\"potentialAction\":[{\"@type\":\"CommentAction\",\"name\":\"Comment\",\"target\":[\"https:\/\/www.budokampsport.se\/2018\/10\/30\/natverkstraff-viktklassidrotter\/#respond\"]}]},{\"@type\":\"WebPage\",\"@id\":\"https:\/\/www.budokampsport.se\/2018\/10\/30\/natverkstraff-viktklassidrotter\/\",\"url\":\"https:\/\/www.budokampsport.se\/2018\/10\/30\/natverkstraff-viktklassidrotter\/\",\"name\":\"N\u00e4tverkstr\u00e4ff viktklassidrotter - Svenska Budo &amp; Kampsportsf\u00f6rbundet\",\"isPartOf\":{\"@id\":\"https:\/\/www.budokampsport.se\/#website\"},\"primaryImageOfPage\":{\"@id\":\"https:\/\/www.budokampsport.se\/2018\/10\/30\/natverkstraff-viktklassidrotter\/#primaryimage\"},\"image\":{\"@id\":\"https:\/\/www.budokampsport.se\/2018\/10\/30\/natverkstraff-viktklassidrotter\/#primaryimage\"},\"thumbnailUrl\":\"https:\/\/www.budokampsport.se\/wp-content\/uploads\/2018\/10\/Natverkstraff-viktklassidrotter.jpg\",\"datePublished\":\"2018-10-30T15:33:59+00:00\",\"dateModified\":\"2018-11-09T16:51:05+00:00\",\"author\":{\"@id\":\"https:\/\/www.budokampsport.se\/#\/schema\/person\/666f754cfbc6f9a83a8c253cd24ad660\"},\"description\":\"Riksidrottsf\u00f6rbundets Elitidrottsst\u00f6d bjuder in till en heldag p\u00e5 temat viktklassidrott p\u00e5 ett h\u00e4lsosamt s\u00e4tt. Det blir s\u00e4rskilt fokus p\u00e5 kunskap om,\",\"breadcrumb\":{\"@id\":\"https:\/\/www.budokampsport.se\/2018\/10\/30\/natverkstraff-viktklassidrotter\/#breadcrumb\"},\"inLanguage\":\"sv-SE\",\"potentialAction\":[{\"@type\":\"ReadAction\",\"target\":[\"https:\/\/www.budokampsport.se\/2018\/10\/30\/natverkstraff-viktklassidrotter\/\"]}]},{\"@type\":\"ImageObject\",\"inLanguage\":\"sv-SE\",\"@id\":\"https:\/\/www.budokampsport.se\/2018\/10\/30\/natverkstraff-viktklassidrotter\/#primaryimage\",\"url\":\"https:\/\/www.budokampsport.se\/wp-content\/uploads\/2018\/10\/Natverkstraff-viktklassidrotter.jpg\",\"contentUrl\":\"https:\/\/www.budokampsport.se\/wp-content\/uploads\/2018\/10\/Natverkstraff-viktklassidrotter.jpg\",\"width\":665,\"height\":216},{\"@type\":\"BreadcrumbList\",\"@id\":\"https:\/\/www.budokampsport.se\/2018\/10\/30\/natverkstraff-viktklassidrotter\/#breadcrumb\",\"itemListElement\":[{\"@type\":\"ListItem\",\"position\":1,\"name\":\"Hem\",\"item\":\"https:\/\/www.budokampsport.se\/\"},{\"@type\":\"ListItem\",\"position\":2,\"name\":\"N\u00e4tverkstr\u00e4ff viktklassidrotter\"}]},{\"@type\":\"WebSite\",\"@id\":\"https:\/\/www.budokampsport.se\/#website\",\"url\":\"https:\/\/www.budokampsport.se\/\",\"name\":\"Svenska Budo &amp; Kampsportsf\u00f6rbundet\",\"description\":\"T\u00e4vling, Tr\u00e4ning, Tradition\",\"potentialAction\":[{\"@type\":\"SearchAction\",\"target\":{\"@type\":\"EntryPoint\",\"urlTemplate\":\"https:\/\/www.budokampsport.se\/?s={search_term_string}\"},\"query-input\":{\"@type\":\"PropertyValueSpecification\",\"valueRequired\":true,\"valueName\":\"search_term_string\"}}],\"inLanguage\":\"sv-SE\"},{\"@type\":\"Person\",\"@id\":\"https:\/\/www.budokampsport.se\/#\/schema\/person\/666f754cfbc6f9a83a8c253cd24ad660\",\"name\":\"Sofia Arnbom\",\"image\":{\"@type\":\"ImageObject\",\"inLanguage\":\"sv-SE\",\"@id\":\"https:\/\/www.budokampsport.se\/#\/schema\/person\/image\/\",\"url\":\"https:\/\/secure.gravatar.com\/avatar\/a69f673c99635f06ea6cb1eb10ca7e92?s=96&d=blank&r=g\",\"contentUrl\":\"https:\/\/secure.gravatar.com\/avatar\/a69f673c99635f06ea6cb1eb10ca7e92?s=96&d=blank&r=g\",\"caption\":\"Sofia Arnbom\"},\"url\":\"https:\/\/www.budokampsport.se\/author\/sofia-arnbom\/\"}]}<\/script>\n<!-- \/ Yoast SEO plugin. -->","yoast_head_json":{"title":"N\u00e4tverkstr\u00e4ff viktklassidrotter - Svenska Budo &amp; Kampsportsf\u00f6rbundet","description":"Riksidrottsf\u00f6rbundets Elitidrottsst\u00f6d bjuder in till en heldag p\u00e5 temat viktklassidrott p\u00e5 ett h\u00e4lsosamt s\u00e4tt. Det blir s\u00e4rskilt fokus p\u00e5 kunskap om,","robots":{"index":"index","follow":"follow","max-snippet":"max-snippet:-1","max-image-preview":"max-image-preview:large","max-video-preview":"max-video-preview:-1"},"canonical":"https:\/\/www.budokampsport.se\/2018\/10\/30\/natverkstraff-viktklassidrotter\/","og_locale":"sv_SE","og_type":"article","og_title":"N\u00e4tverkstr\u00e4ff viktklassidrotter - Svenska Budo &amp; Kampsportsf\u00f6rbundet","og_description":"Riksidrottsf\u00f6rbundets Elitidrottsst\u00f6d bjuder in till en heldag p\u00e5 temat viktklassidrott p\u00e5 ett h\u00e4lsosamt s\u00e4tt. Det blir s\u00e4rskilt fokus p\u00e5 kunskap om,","og_url":"https:\/\/www.budokampsport.se\/2018\/10\/30\/natverkstraff-viktklassidrotter\/","og_site_name":"Svenska Budo &amp; Kampsportsf\u00f6rbundet","article_published_time":"2018-10-30T15:33:59+00:00","article_modified_time":"2018-11-09T16:51:05+00:00","og_image":[{"width":665,"height":216,"url":"https:\/\/www.budokampsport.se\/wp-content\/uploads\/2018\/10\/Natverkstraff-viktklassidrotter.jpg","type":"image\/jpeg"}],"author":"Sofia Arnbom","twitter_card":"summary_large_image","twitter_misc":{"Skriven av":"Sofia Arnbom"},"schema":{"@context":"https:\/\/schema.org","@graph":[{"@type":"Article","@id":"https:\/\/www.budokampsport.se\/2018\/10\/30\/natverkstraff-viktklassidrotter\/#article","isPartOf":{"@id":"https:\/\/www.budokampsport.se\/2018\/10\/30\/natverkstraff-viktklassidrotter\/"},"author":{"name":"Sofia Arnbom","@id":"https:\/\/www.budokampsport.se\/#\/schema\/person\/666f754cfbc6f9a83a8c253cd24ad660"},"headline":"N\u00e4tverkstr\u00e4ff viktklassidrotter","datePublished":"2018-10-30T15:33:59+00:00","dateModified":"2018-11-09T16:51:05+00:00","mainEntityOfPage":{"@id":"https:\/\/www.budokampsport.se\/2018\/10\/30\/natverkstraff-viktklassidrotter\/"},"wordCount":95,"commentCount":0,"image":{"@id":"https:\/\/www.budokampsport.se\/2018\/10\/30\/natverkstraff-viktklassidrotter\/#primaryimage"},"thumbnailUrl":"https:\/\/www.budokampsport.se\/wp-content\/uploads\/2018\/10\/Natverkstraff-viktklassidrotter.jpg","articleSection":["Utbildning"],"inLanguage":"sv-SE","potentialAction":[{"@type":"CommentAction","name":"Comment","target":["https:\/\/www.budokampsport.se\/2018\/10\/30\/natverkstraff-viktklassidrotter\/#respond"]}]},{"@type":"WebPage","@id":"https:\/\/www.budokampsport.se\/2018\/10\/30\/natverkstraff-viktklassidrotter\/","url":"https:\/\/www.budokampsport.se\/2018\/10\/30\/natverkstraff-viktklassidrotter\/","name":"N\u00e4tverkstr\u00e4ff viktklassidrotter - Svenska Budo &amp; Kampsportsf\u00f6rbundet","isPartOf":{"@id":"https:\/\/www.budokampsport.se\/#website"},"primaryImageOfPage":{"@id":"https:\/\/www.budokampsport.se\/2018\/10\/30\/natverkstraff-viktklassidrotter\/#primaryimage"},"image":{"@id":"https:\/\/www.budokampsport.se\/2018\/10\/30\/natverkstraff-viktklassidrotter\/#primaryimage"},"thumbnailUrl":"https:\/\/www.budokampsport.se\/wp-content\/uploads\/2018\/10\/Natverkstraff-viktklassidrotter.jpg","datePublished":"2018-10-30T15:33:59+00:00","dateModified":"2018-11-09T16:51:05+00:00","author":{"@id":"https:\/\/www.budokampsport.se\/#\/schema\/person\/666f754cfbc6f9a83a8c253cd24ad660"},"description":"Riksidrottsf\u00f6rbundets Elitidrottsst\u00f6d bjuder in till en heldag p\u00e5 temat viktklassidrott p\u00e5 ett h\u00e4lsosamt s\u00e4tt. Det blir s\u00e4rskilt fokus p\u00e5 kunskap om,","breadcrumb":{"@id":"https:\/\/www.budokampsport.se\/2018\/10\/30\/natverkstraff-viktklassidrotter\/#breadcrumb"},"inLanguage":"sv-SE","potentialAction":[{"@type":"ReadAction","target":["https:\/\/www.budokampsport.se\/2018\/10\/30\/natverkstraff-viktklassidrotter\/"]}]},{"@type":"ImageObject","inLanguage":"sv-SE","@id":"https:\/\/www.budokampsport.se\/2018\/10\/30\/natverkstraff-viktklassidrotter\/#primaryimage","url":"https:\/\/www.budokampsport.se\/wp-content\/uploads\/2018\/10\/Natverkstraff-viktklassidrotter.jpg","contentUrl":"https:\/\/www.budokampsport.se\/wp-content\/uploads\/2018\/10\/Natverkstraff-viktklassidrotter.jpg","width":665,"height":216},{"@type":"BreadcrumbList","@id":"https:\/\/www.budokampsport.se\/2018\/10\/30\/natverkstraff-viktklassidrotter\/#breadcrumb","itemListElement":[{"@type":"ListItem","position":1,"name":"Hem","item":"https:\/\/www.budokampsport.se\/"},{"@type":"ListItem","position":2,"name":"N\u00e4tverkstr\u00e4ff viktklassidrotter"}]},{"@type":"WebSite","@id":"https:\/\/www.budokampsport.se\/#website","url":"https:\/\/www.budokampsport.se\/","name":"Svenska Budo &amp; Kampsportsf\u00f6rbundet","description":"T\u00e4vling, Tr\u00e4ning, Tradition","potentialAction":[{"@type":"SearchAction","target":{"@type":"EntryPoint","urlTemplate":"https:\/\/www.budokampsport.se\/?s={search_term_string}"},"query-input":{"@type":"PropertyValueSpecification","valueRequired":true,"valueName":"search_term_string"}}],"inLanguage":"sv-SE"},{"@type":"Person","@id":"https:\/\/www.budokampsport.se\/#\/schema\/person\/666f754cfbc6f9a83a8c253cd24ad660","name":"Sofia Arnbom","image":{"@type":"ImageObject","inLanguage":"sv-SE","@id":"https:\/\/www.budokampsport.se\/#\/schema\/person\/image\/","url":"https:\/\/secure.gravatar.com\/avatar\/a69f673c99635f06ea6cb1eb10ca7e92?s=96&d=blank&r=g","contentUrl":"https:\/\/secure.gravatar.com\/avatar\/a69f673c99635f06ea6cb1eb10ca7e92?s=96&d=blank&r=g","caption":"Sofia Arnbom"},"url":"https:\/\/www.budokampsport.se\/author\/sofia-arnbom\/"}]}},"_links":{"self":[{"href":"https:\/\/www.budokampsport.se\/api\/wp\/v2\/posts\/80863","targetHints":{"allow":["GET"]}}],"collection":[{"href":"https:\/\/www.budokampsport.se\/api\/wp\/v2\/posts"}],"about":[{"href":"https:\/\/www.budokampsport.se\/api\/wp\/v2\/types\/post"}],"author":[{"embeddable":true,"href":"https:\/\/www.budokampsport.se\/api\/wp\/v2\/users\/47"}],"replies":[{"embeddable":true,"href":"https:\/\/www.budokampsport.se\/api\/wp\/v2\/comments?post=80863"}],"version-history":[{"count":0,"href":"https:\/\/www.budokampsport.se\/api\/wp\/v2\/posts\/80863\/revisions"}],"wp:featuredmedia":[{"embeddable":true,"href":"https:\/\/www.budokampsport.se\/api\/wp\/v2\/media\/80897"}],"wp:attachment":[{"href":"https:\/\/www.budokampsport.se\/api\/wp\/v2\/media?parent=80863"}],"wp:term":[{"taxonomy":"category","embeddable":true,"href":"https:\/\/www.budokampsport.se\/api\/wp\/v2\/categories?post=80863"},{"taxonomy":"post_tag","embeddable":true,"href":"https:\/\/www.budokampsport.se\/api\/wp\/v2\/tags?post=80863"}],"curies":[{"name":"wp","href":"https:\/\/api.w.org\/{rel}","templated":true}]}}