{"id":81585,"date":"2018-11-16T11:10:05","date_gmt":"2018-11-16T10:10:05","guid":{"rendered":"http:\/\/www.budokampsport.se\/?p=81585"},"modified":"2018-11-16T13:08:37","modified_gmt":"2018-11-16T12:08:37","slug":"langtar-till-att-ga-upp-pa-mattan","status":"publish","type":"post","link":"https:\/\/www.budokampsport.se\/2018\/11\/16\/langtar-till-att-ga-upp-pa-mattan\/","title":{"rendered":"\u201dL\u00e4ngtar till att g\u00e5 upp p\u00e5 mattan\u201d"},"content":{"rendered":"<p>VM i Wien 2012 kom Fredrik Widgren, som 18-\u00e5rig debutant, till VM-final. M\u00e5nga med kunnig jujutsublick h\u00e4pnade \u00f6ver den svenska supertalangens framfart.<\/p>\n<p>Nu, sex \u00e5r senare, har Widgren samlat medaljer p\u00e5 h\u00f6g. Han \u00e4r regerande Europam\u00e4stare och i oktober vann han prestiget\u00e4vlingen German Open.<br \/>\n&#8211; Det \u00e4r klart att jag har presterat bra under en tid nu, och ur det perspektivet borde jag ocks\u00e5 g\u00f6ra det p\u00e5 VM. Och det \u00e4r klart att jag vill vinna VM-guld p\u00e5 hemmaplan, det vore ju helt fantastiskt. Det blir en hel del v\u00e4nner och familj och klubbkompisar som kommer ner och kollar p\u00e5 VM, s\u00e5 det blir j\u00e4tteroligt.<\/p>\n<p>Han g\u00e5r in i den sista tunga tr\u00e4ningsveckan. Sedan, med en och en halv vecka kvar l\u00e4ttar tr\u00e4ningen.<br \/>\n&#8211; Jag har fokuserat en hel del p\u00e5 finjusteringar, kan man s\u00e4ga. Jag hade med mig n\u00e5gra tankar till German open om att testa vissa saker, och fick bra utv\u00e4xling p\u00e5 det. Jag k\u00e4nner mig v\u00e4l f\u00f6rberedd och \u00e4r i bra form.<\/p>\n<p>Widgren har vuxit ut till kanske det allra st\u00f6rsta jujutsumedaljhoppet inf\u00f6r VM. Men n\u00e5gon press utifr\u00e5n p\u00e5 att prestera k\u00e4nner han inte.<br \/>\n&#8211; Nej, det \u00e4r mest jag sj\u00e4lv som s\u00e4tter press p\u00e5 mig sj\u00e4lv. Det har g\u00e5tt bra f\u00f6r mig och jag \u00e4r medveten om att jag f\u00e5r ha ett visst favoritskap, men med tanke p\u00e5 mina resultat ska jag ocks\u00e5 ha det. Men vi har pratat om det d\u00e4r att hantera press och f\u00f6r min del tycker jag att det \u00e4r p\u00e5 en rimlig niv\u00e5. Jag kommer bli arg och ledsen om jag inte vinner guld, men det blir man ju alltid annars ocks\u00e5. S\u00e5 ur den aspekten spelar det faktiskt mindre roll att VM \u00e4r i Sverige, tycker jag.<\/p>\n<p>L\u00e4ngtan till m\u00e4sterskapet h\u00f6rs \u00e4nd\u00e5 igenom hela intervjun.<br \/>\n&#8211; Jag vill bara att de h\u00e4r dagarna innan det drar ig\u00e5ng ska g\u00e5 fort. Jag l\u00e4ngtar otroligt mycket till att p\u00e5 g\u00e5 upp p\u00e5 mattan.<\/p>\n<p>Text och foto: Jonathan Broberg<\/p>\n","protected":false},"excerpt":{"rendered":"<p>Med ett par veckor kvar till VM i jujutsu i Baltiska Hallen i Malm\u00f6 \u00e4r Fredrik Widgren f\u00f6rv\u00e4ntansfull. Den svenska storstj\u00e4rnan har haft en fantastisk tid bakom sig, med EM-guld och vinst i German Open. Nu v\u00e4ntar VM, p\u00e5 hemmaplan.<br \/><br>&#8211; Det har g\u00e5tt bra f\u00f6r mig, och jag \u00e4r medveten om att jag f\u00e5r ha ett visst favoritskap, s\u00e4ger han till budokampsport.se.<\/p><br>","protected":false},"author":7,"featured_media":44369,"comment_status":"open","ping_status":"open","sticky":false,"template":"","format":"standard","meta":{"_acf_changed":false,"footnotes":""},"categories":[1],"tags":[],"class_list":["post-81585","post","type-post","status-publish","format-standard","has-post-thumbnail","hentry","category-okategoriserade"],"acf":[],"yoast_head":"<!-- This site is optimized with the Yoast SEO plugin v26.8 - https:\/\/yoast.com\/product\/yoast-seo-wordpress\/ -->\n<title>\u201dL\u00e4ngtar till att g\u00e5 upp p\u00e5 mattan\u201d - Svenska Budo &amp; Kampsportsf\u00f6rbundet<\/title>\n<meta name=\"description\" content=\"Med ett par veckor kvar till VM i jujutsu i Baltiska Hallen i Malm\u00f6 \u00e4r Fredrik Widgren f\u00f6rv\u00e4ntansfull. Den svenska storstj\u00e4rnan har haft en fantastisk tid bakom sig, med EM-guld och vinst i German Open. Nu v\u00e4ntar VM, p\u00e5 hemmaplan. - Det har g\u00e5tt bra f\u00f6r mig, och jag \u00e4r medveten om att jag f\u00e5r ha ett visst favoritskap, s\u00e4ger han till budokampsport.se.\" \/>\n<meta name=\"robots\" content=\"index, follow, max-snippet:-1, max-image-preview:large, max-video-preview:-1\" \/>\n<link rel=\"canonical\" href=\"https:\/\/www.budokampsport.se\/2018\/11\/16\/langtar-till-att-ga-upp-pa-mattan\/\" \/>\n<meta property=\"og:locale\" content=\"sv_SE\" \/>\n<meta property=\"og:type\" content=\"article\" \/>\n<meta property=\"og:title\" content=\"\u201dL\u00e4ngtar till att g\u00e5 upp p\u00e5 mattan\u201d - Svenska Budo &amp; Kampsportsf\u00f6rbundet\" \/>\n<meta property=\"og:description\" content=\"Med ett par veckor kvar till VM i jujutsu i Baltiska Hallen i Malm\u00f6 \u00e4r Fredrik Widgren f\u00f6rv\u00e4ntansfull. Den svenska storstj\u00e4rnan har haft en fantastisk tid bakom sig, med EM-guld och vinst i German Open. Nu v\u00e4ntar VM, p\u00e5 hemmaplan. - Det har g\u00e5tt bra f\u00f6r mig, och jag \u00e4r medveten om att jag f\u00e5r ha ett visst favoritskap, s\u00e4ger han till budokampsport.se.\" \/>\n<meta property=\"og:url\" content=\"https:\/\/www.budokampsport.se\/2018\/11\/16\/langtar-till-att-ga-upp-pa-mattan\/\" \/>\n<meta property=\"og:site_name\" content=\"Svenska Budo &amp; Kampsportsf\u00f6rbundet\" \/>\n<meta property=\"article:author\" content=\"https:\/\/www.facebook.com\/jonathan.broberg.7\" \/>\n<meta property=\"article:published_time\" content=\"2018-11-16T10:10:05+00:00\" \/>\n<meta property=\"article:modified_time\" content=\"2018-11-16T12:08:37+00:00\" \/>\n<meta property=\"og:image\" content=\"https:\/\/www.budokampsport.se\/wp-content\/uploads\/2017\/04\/fredrik_widgren.gif\" \/>\n\t<meta property=\"og:image:width\" content=\"435\" \/>\n\t<meta property=\"og:image:height\" content=\"290\" \/>\n\t<meta property=\"og:image:type\" content=\"image\/gif\" \/>\n<meta name=\"author\" content=\"Jonathan Broberg\" \/>\n<meta name=\"twitter:card\" content=\"summary_large_image\" \/>\n<meta name=\"twitter:label1\" content=\"Skriven av\" \/>\n\t<meta name=\"twitter:data1\" content=\"Jonathan Broberg\" \/>\n\t<meta name=\"twitter:label2\" content=\"Ber\u00e4knad l\u00e4stid\" \/>\n\t<meta name=\"twitter:data2\" content=\"2 minuter\" \/>\n<script type=\"application\/ld+json\" class=\"yoast-schema-graph\">{\"@context\":\"https:\/\/schema.org\",\"@graph\":[{\"@type\":\"Article\",\"@id\":\"https:\/\/www.budokampsport.se\/2018\/11\/16\/langtar-till-att-ga-upp-pa-mattan\/#article\",\"isPartOf\":{\"@id\":\"https:\/\/www.budokampsport.se\/2018\/11\/16\/langtar-till-att-ga-upp-pa-mattan\/\"},\"author\":{\"name\":\"Jonathan Broberg\",\"@id\":\"https:\/\/www.budokampsport.se\/#\/schema\/person\/5c06d81d14850e2a8ce5493386560145\"},\"headline\":\"\u201dL\u00e4ngtar till att g\u00e5 upp p\u00e5 mattan\u201d\",\"datePublished\":\"2018-11-16T10:10:05+00:00\",\"dateModified\":\"2018-11-16T12:08:37+00:00\",\"mainEntityOfPage\":{\"@id\":\"https:\/\/www.budokampsport.se\/2018\/11\/16\/langtar-till-att-ga-upp-pa-mattan\/\"},\"wordCount\":371,\"commentCount\":0,\"image\":{\"@id\":\"https:\/\/www.budokampsport.se\/2018\/11\/16\/langtar-till-att-ga-upp-pa-mattan\/#primaryimage\"},\"thumbnailUrl\":\"https:\/\/www.budokampsport.se\/wp-content\/uploads\/2017\/04\/fredrik_widgren.gif\",\"inLanguage\":\"sv-SE\",\"potentialAction\":[{\"@type\":\"CommentAction\",\"name\":\"Comment\",\"target\":[\"https:\/\/www.budokampsport.se\/2018\/11\/16\/langtar-till-att-ga-upp-pa-mattan\/#respond\"]}]},{\"@type\":\"WebPage\",\"@id\":\"https:\/\/www.budokampsport.se\/2018\/11\/16\/langtar-till-att-ga-upp-pa-mattan\/\",\"url\":\"https:\/\/www.budokampsport.se\/2018\/11\/16\/langtar-till-att-ga-upp-pa-mattan\/\",\"name\":\"\u201dL\u00e4ngtar till att g\u00e5 upp p\u00e5 mattan\u201d - Svenska Budo &amp; Kampsportsf\u00f6rbundet\",\"isPartOf\":{\"@id\":\"https:\/\/www.budokampsport.se\/#website\"},\"primaryImageOfPage\":{\"@id\":\"https:\/\/www.budokampsport.se\/2018\/11\/16\/langtar-till-att-ga-upp-pa-mattan\/#primaryimage\"},\"image\":{\"@id\":\"https:\/\/www.budokampsport.se\/2018\/11\/16\/langtar-till-att-ga-upp-pa-mattan\/#primaryimage\"},\"thumbnailUrl\":\"https:\/\/www.budokampsport.se\/wp-content\/uploads\/2017\/04\/fredrik_widgren.gif\",\"datePublished\":\"2018-11-16T10:10:05+00:00\",\"dateModified\":\"2018-11-16T12:08:37+00:00\",\"author\":{\"@id\":\"https:\/\/www.budokampsport.se\/#\/schema\/person\/5c06d81d14850e2a8ce5493386560145\"},\"description\":\"Med ett par veckor kvar till VM i jujutsu i Baltiska Hallen i Malm\u00f6 \u00e4r Fredrik Widgren f\u00f6rv\u00e4ntansfull. Den svenska storstj\u00e4rnan har haft en fantastisk tid bakom sig, med EM-guld och vinst i German Open. Nu v\u00e4ntar VM, p\u00e5 hemmaplan. - Det har g\u00e5tt bra f\u00f6r mig, och jag \u00e4r medveten om att jag f\u00e5r ha ett visst favoritskap, s\u00e4ger han till budokampsport.se.\",\"breadcrumb\":{\"@id\":\"https:\/\/www.budokampsport.se\/2018\/11\/16\/langtar-till-att-ga-upp-pa-mattan\/#breadcrumb\"},\"inLanguage\":\"sv-SE\",\"potentialAction\":[{\"@type\":\"ReadAction\",\"target\":[\"https:\/\/www.budokampsport.se\/2018\/11\/16\/langtar-till-att-ga-upp-pa-mattan\/\"]}]},{\"@type\":\"ImageObject\",\"inLanguage\":\"sv-SE\",\"@id\":\"https:\/\/www.budokampsport.se\/2018\/11\/16\/langtar-till-att-ga-upp-pa-mattan\/#primaryimage\",\"url\":\"https:\/\/www.budokampsport.se\/wp-content\/uploads\/2017\/04\/fredrik_widgren.gif\",\"contentUrl\":\"https:\/\/www.budokampsport.se\/wp-content\/uploads\/2017\/04\/fredrik_widgren.gif\",\"width\":435,\"height\":290,\"caption\":\"Foto: Jonathan Broberg\"},{\"@type\":\"BreadcrumbList\",\"@id\":\"https:\/\/www.budokampsport.se\/2018\/11\/16\/langtar-till-att-ga-upp-pa-mattan\/#breadcrumb\",\"itemListElement\":[{\"@type\":\"ListItem\",\"position\":1,\"name\":\"Hem\",\"item\":\"https:\/\/www.budokampsport.se\/\"},{\"@type\":\"ListItem\",\"position\":2,\"name\":\"\u201dL\u00e4ngtar till att g\u00e5 upp p\u00e5 mattan\u201d\"}]},{\"@type\":\"WebSite\",\"@id\":\"https:\/\/www.budokampsport.se\/#website\",\"url\":\"https:\/\/www.budokampsport.se\/\",\"name\":\"Svenska Budo &amp; Kampsportsf\u00f6rbundet\",\"description\":\"T\u00e4vling, Tr\u00e4ning, Tradition\",\"potentialAction\":[{\"@type\":\"SearchAction\",\"target\":{\"@type\":\"EntryPoint\",\"urlTemplate\":\"https:\/\/www.budokampsport.se\/?s={search_term_string}\"},\"query-input\":{\"@type\":\"PropertyValueSpecification\",\"valueRequired\":true,\"valueName\":\"search_term_string\"}}],\"inLanguage\":\"sv-SE\"},{\"@type\":\"Person\",\"@id\":\"https:\/\/www.budokampsport.se\/#\/schema\/person\/5c06d81d14850e2a8ce5493386560145\",\"name\":\"Jonathan Broberg\",\"image\":{\"@type\":\"ImageObject\",\"inLanguage\":\"sv-SE\",\"@id\":\"https:\/\/www.budokampsport.se\/#\/schema\/person\/image\/\",\"url\":\"https:\/\/secure.gravatar.com\/avatar\/a58041c6cea9128bd9c40ee2f26d4136?s=96&d=blank&r=g\",\"contentUrl\":\"https:\/\/secure.gravatar.com\/avatar\/a58041c6cea9128bd9c40ee2f26d4136?s=96&d=blank&r=g\",\"caption\":\"Jonathan Broberg\"},\"sameAs\":[\"https:\/\/www.facebook.com\/jonathan.broberg.7\"],\"url\":\"https:\/\/www.budokampsport.se\/author\/jonathan\/\"}]}<\/script>\n<!-- \/ Yoast SEO plugin. -->","yoast_head_json":{"title":"\u201dL\u00e4ngtar till att g\u00e5 upp p\u00e5 mattan\u201d - Svenska Budo &amp; Kampsportsf\u00f6rbundet","description":"Med ett par veckor kvar till VM i jujutsu i Baltiska Hallen i Malm\u00f6 \u00e4r Fredrik Widgren f\u00f6rv\u00e4ntansfull. Den svenska storstj\u00e4rnan har haft en fantastisk tid bakom sig, med EM-guld och vinst i German Open. Nu v\u00e4ntar VM, p\u00e5 hemmaplan. - Det har g\u00e5tt bra f\u00f6r mig, och jag \u00e4r medveten om att jag f\u00e5r ha ett visst favoritskap, s\u00e4ger han till budokampsport.se.","robots":{"index":"index","follow":"follow","max-snippet":"max-snippet:-1","max-image-preview":"max-image-preview:large","max-video-preview":"max-video-preview:-1"},"canonical":"https:\/\/www.budokampsport.se\/2018\/11\/16\/langtar-till-att-ga-upp-pa-mattan\/","og_locale":"sv_SE","og_type":"article","og_title":"\u201dL\u00e4ngtar till att g\u00e5 upp p\u00e5 mattan\u201d - Svenska Budo &amp; Kampsportsf\u00f6rbundet","og_description":"Med ett par veckor kvar till VM i jujutsu i Baltiska Hallen i Malm\u00f6 \u00e4r Fredrik Widgren f\u00f6rv\u00e4ntansfull. Den svenska storstj\u00e4rnan har haft en fantastisk tid bakom sig, med EM-guld och vinst i German Open. Nu v\u00e4ntar VM, p\u00e5 hemmaplan. - Det har g\u00e5tt bra f\u00f6r mig, och jag \u00e4r medveten om att jag f\u00e5r ha ett visst favoritskap, s\u00e4ger han till budokampsport.se.","og_url":"https:\/\/www.budokampsport.se\/2018\/11\/16\/langtar-till-att-ga-upp-pa-mattan\/","og_site_name":"Svenska Budo &amp; Kampsportsf\u00f6rbundet","article_author":"https:\/\/www.facebook.com\/jonathan.broberg.7","article_published_time":"2018-11-16T10:10:05+00:00","article_modified_time":"2018-11-16T12:08:37+00:00","og_image":[{"width":435,"height":290,"url":"https:\/\/www.budokampsport.se\/wp-content\/uploads\/2017\/04\/fredrik_widgren.gif","type":"image\/gif"}],"author":"Jonathan Broberg","twitter_card":"summary_large_image","twitter_misc":{"Skriven av":"Jonathan Broberg","Ber\u00e4knad l\u00e4stid":"2 minuter"},"schema":{"@context":"https:\/\/schema.org","@graph":[{"@type":"Article","@id":"https:\/\/www.budokampsport.se\/2018\/11\/16\/langtar-till-att-ga-upp-pa-mattan\/#article","isPartOf":{"@id":"https:\/\/www.budokampsport.se\/2018\/11\/16\/langtar-till-att-ga-upp-pa-mattan\/"},"author":{"name":"Jonathan Broberg","@id":"https:\/\/www.budokampsport.se\/#\/schema\/person\/5c06d81d14850e2a8ce5493386560145"},"headline":"\u201dL\u00e4ngtar till att g\u00e5 upp p\u00e5 mattan\u201d","datePublished":"2018-11-16T10:10:05+00:00","dateModified":"2018-11-16T12:08:37+00:00","mainEntityOfPage":{"@id":"https:\/\/www.budokampsport.se\/2018\/11\/16\/langtar-till-att-ga-upp-pa-mattan\/"},"wordCount":371,"commentCount":0,"image":{"@id":"https:\/\/www.budokampsport.se\/2018\/11\/16\/langtar-till-att-ga-upp-pa-mattan\/#primaryimage"},"thumbnailUrl":"https:\/\/www.budokampsport.se\/wp-content\/uploads\/2017\/04\/fredrik_widgren.gif","inLanguage":"sv-SE","potentialAction":[{"@type":"CommentAction","name":"Comment","target":["https:\/\/www.budokampsport.se\/2018\/11\/16\/langtar-till-att-ga-upp-pa-mattan\/#respond"]}]},{"@type":"WebPage","@id":"https:\/\/www.budokampsport.se\/2018\/11\/16\/langtar-till-att-ga-upp-pa-mattan\/","url":"https:\/\/www.budokampsport.se\/2018\/11\/16\/langtar-till-att-ga-upp-pa-mattan\/","name":"\u201dL\u00e4ngtar till att g\u00e5 upp p\u00e5 mattan\u201d - Svenska Budo &amp; Kampsportsf\u00f6rbundet","isPartOf":{"@id":"https:\/\/www.budokampsport.se\/#website"},"primaryImageOfPage":{"@id":"https:\/\/www.budokampsport.se\/2018\/11\/16\/langtar-till-att-ga-upp-pa-mattan\/#primaryimage"},"image":{"@id":"https:\/\/www.budokampsport.se\/2018\/11\/16\/langtar-till-att-ga-upp-pa-mattan\/#primaryimage"},"thumbnailUrl":"https:\/\/www.budokampsport.se\/wp-content\/uploads\/2017\/04\/fredrik_widgren.gif","datePublished":"2018-11-16T10:10:05+00:00","dateModified":"2018-11-16T12:08:37+00:00","author":{"@id":"https:\/\/www.budokampsport.se\/#\/schema\/person\/5c06d81d14850e2a8ce5493386560145"},"description":"Med ett par veckor kvar till VM i jujutsu i Baltiska Hallen i Malm\u00f6 \u00e4r Fredrik Widgren f\u00f6rv\u00e4ntansfull. Den svenska storstj\u00e4rnan har haft en fantastisk tid bakom sig, med EM-guld och vinst i German Open. Nu v\u00e4ntar VM, p\u00e5 hemmaplan. - Det har g\u00e5tt bra f\u00f6r mig, och jag \u00e4r medveten om att jag f\u00e5r ha ett visst favoritskap, s\u00e4ger han till budokampsport.se.","breadcrumb":{"@id":"https:\/\/www.budokampsport.se\/2018\/11\/16\/langtar-till-att-ga-upp-pa-mattan\/#breadcrumb"},"inLanguage":"sv-SE","potentialAction":[{"@type":"ReadAction","target":["https:\/\/www.budokampsport.se\/2018\/11\/16\/langtar-till-att-ga-upp-pa-mattan\/"]}]},{"@type":"ImageObject","inLanguage":"sv-SE","@id":"https:\/\/www.budokampsport.se\/2018\/11\/16\/langtar-till-att-ga-upp-pa-mattan\/#primaryimage","url":"https:\/\/www.budokampsport.se\/wp-content\/uploads\/2017\/04\/fredrik_widgren.gif","contentUrl":"https:\/\/www.budokampsport.se\/wp-content\/uploads\/2017\/04\/fredrik_widgren.gif","width":435,"height":290,"caption":"Foto: Jonathan Broberg"},{"@type":"BreadcrumbList","@id":"https:\/\/www.budokampsport.se\/2018\/11\/16\/langtar-till-att-ga-upp-pa-mattan\/#breadcrumb","itemListElement":[{"@type":"ListItem","position":1,"name":"Hem","item":"https:\/\/www.budokampsport.se\/"},{"@type":"ListItem","position":2,"name":"\u201dL\u00e4ngtar till att g\u00e5 upp p\u00e5 mattan\u201d"}]},{"@type":"WebSite","@id":"https:\/\/www.budokampsport.se\/#website","url":"https:\/\/www.budokampsport.se\/","name":"Svenska Budo &amp; Kampsportsf\u00f6rbundet","description":"T\u00e4vling, Tr\u00e4ning, Tradition","potentialAction":[{"@type":"SearchAction","target":{"@type":"EntryPoint","urlTemplate":"https:\/\/www.budokampsport.se\/?s={search_term_string}"},"query-input":{"@type":"PropertyValueSpecification","valueRequired":true,"valueName":"search_term_string"}}],"inLanguage":"sv-SE"},{"@type":"Person","@id":"https:\/\/www.budokampsport.se\/#\/schema\/person\/5c06d81d14850e2a8ce5493386560145","name":"Jonathan Broberg","image":{"@type":"ImageObject","inLanguage":"sv-SE","@id":"https:\/\/www.budokampsport.se\/#\/schema\/person\/image\/","url":"https:\/\/secure.gravatar.com\/avatar\/a58041c6cea9128bd9c40ee2f26d4136?s=96&d=blank&r=g","contentUrl":"https:\/\/secure.gravatar.com\/avatar\/a58041c6cea9128bd9c40ee2f26d4136?s=96&d=blank&r=g","caption":"Jonathan Broberg"},"sameAs":["https:\/\/www.facebook.com\/jonathan.broberg.7"],"url":"https:\/\/www.budokampsport.se\/author\/jonathan\/"}]}},"_links":{"self":[{"href":"https:\/\/www.budokampsport.se\/api\/wp\/v2\/posts\/81585","targetHints":{"allow":["GET"]}}],"collection":[{"href":"https:\/\/www.budokampsport.se\/api\/wp\/v2\/posts"}],"about":[{"href":"https:\/\/www.budokampsport.se\/api\/wp\/v2\/types\/post"}],"author":[{"embeddable":true,"href":"https:\/\/www.budokampsport.se\/api\/wp\/v2\/users\/7"}],"replies":[{"embeddable":true,"href":"https:\/\/www.budokampsport.se\/api\/wp\/v2\/comments?post=81585"}],"version-history":[{"count":0,"href":"https:\/\/www.budokampsport.se\/api\/wp\/v2\/posts\/81585\/revisions"}],"wp:featuredmedia":[{"embeddable":true,"href":"https:\/\/www.budokampsport.se\/api\/wp\/v2\/media\/44369"}],"wp:attachment":[{"href":"https:\/\/www.budokampsport.se\/api\/wp\/v2\/media?parent=81585"}],"wp:term":[{"taxonomy":"category","embeddable":true,"href":"https:\/\/www.budokampsport.se\/api\/wp\/v2\/categories?post=81585"},{"taxonomy":"post_tag","embeddable":true,"href":"https:\/\/www.budokampsport.se\/api\/wp\/v2\/tags?post=81585"}],"curies":[{"name":"wp","href":"https:\/\/api.w.org\/{rel}","templated":true}]}}