{"id":81816,"date":"2018-11-13T12:15:02","date_gmt":"2018-11-13T11:15:02","guid":{"rendered":"http:\/\/www.budokampsport.se\/?p=81816"},"modified":"2018-11-13T12:15:02","modified_gmt":"2018-11-13T11:15:02","slug":"bjj-stjarnan-maxine-thylin-infor-vm-jujutsu","status":"publish","type":"post","link":"https:\/\/www.budokampsport.se\/2018\/11\/13\/bjj-stjarnan-maxine-thylin-infor-vm-jujutsu\/","title":{"rendered":"BJJ-stj\u00e4rnan Maxine Thylin inf\u00f6r VM i jujutsu"},"content":{"rendered":"<p>Maxine \u00e4r vanligtvis t\u00e4vlingsaktiv i BJJ d\u00e4r hon kammat hem bland annat tv\u00e5 VM-guld och tre VM-brons i sin viktklass. Hon var tio \u00e5r gammal n\u00e4r hon b\u00f6rjade tr\u00e4na kampsport och d\u00e5 i grenen sportjujutsu (japansk jujutsu). S\u00e5 sm\u00e5ningom b\u00f6rjade Maxine t\u00e4vla i sportjujutsu och blev antagen i landslaget. Som 18-\u00e5ring vann hon junior-VM i grenen.<\/p>\n<p>\u201dN\u00e4r jag var 15 \u00e5r testade jag brasiliansk jiujitsu och blev k\u00e4r direkt\u201d.<br \/>\nHon b\u00f6rjade tr\u00e4na BJJ vid sidan om sportjujutsun f\u00f6r att f\u00f6rb\u00e4ttra sitt mark-game och f\u00f6r att hon tyckte att det var s\u00e5 himla roligt. Efter att hon n\u00e5dde sitt m\u00e5l, att vinna Junior-VM i som 18-\u00e5ring, best\u00e4mde hon sig f\u00f6r att sluta tr\u00e4na sportjujutsu och ist\u00e4llet satsa 100 % p\u00e5 BJJ.<\/p>\n<p>I dag \u00e4r Maxine 27 \u00e5r och har tr\u00e4nat kampsport i 17 \u00e5r. 12 \u00e5r av dessa inom grenen BJJ men hon har \u00e4ven tr\u00e4nat en del Nogi.<\/p>\n<p><strong>Hur kommer det sig att du ska t\u00e4vla i Jujutsu-VM i \u00e5r?<br \/>\n<\/strong>&#8211; Jag blev inbjuden av Newaza-landslaget och det k\u00e4nns som en riktigt rolig utmaning. Mycket kortare rondtid och nya motst\u00e5ndare s\u00e5 det k\u00e4nns kul, d\u00e4rf\u00f6r ska jag t\u00e4vla. \u00c4ven f\u00f6r att utmana mig sj\u00e4lv och ha roligt. Har velat t\u00e4vla i Newaza f\u00f6rut men inte f\u00e5tt det att funka med andra t\u00e4vlingar jag haft s\u00e5 nu k\u00f6r vi p\u00e5 VM. Pang p\u00e5 helt enkelt.<\/p>\n<p><strong>Hur laddar du inf\u00f6r VM?<br \/>\n<\/strong>&#8211; Bra tr\u00e4ning innan, bra mat, positiv energi och vila.<\/p>\n<p><strong>Hur ser din tr\u00e4ning ut inf\u00f6r VM? \u00c4r det n\u00e5gon skillnad fr\u00e5n uppladdning inf\u00f6r en BJJ-t\u00e4vling?<br \/>\n<\/strong>&#8211; Jag k\u00f6r mot lite tyngre motst\u00e5ndare i den h\u00e4r t\u00e4vlingen eftersom viktklasserna skiljer sig, s\u00e5 jag har f\u00f6rs\u00f6kt att jobba p\u00e5 min styrka lite extra. Har \u00e4ven f\u00f6rs\u00f6kt att k\u00f6ra mer femminutersronder, till skillnad fr\u00e5n de l\u00e4ngre ronderna jag k\u00f6r inf\u00f6r BJJ-t\u00e4vlingar. Jag tror definitivt st\u00f6rsta skillnaden \u00e4r tiden. F\u00f6r mig \u00e4r det 10 minuter n\u00e4r jag t\u00e4vlar i BJJ och att st\u00e4lla om till 5 minuter har varit st\u00f6rsta utmaningen hittills.<\/p>\n<figure id=\"attachment_73599\" aria-describedby=\"caption-attachment-73599\" style=\"width: 850px\" class=\"wp-caption aligncenter\"><a href=\"http:\/\/www.budokampsport.se\/wp-content\/uploads\/2018\/06\/Maxine_Thylin.jpg\"><img loading=\"lazy\" decoding=\"async\" class=\"size-full wp-image-73599\" src=\"http:\/\/www.budokampsport.se\/wp-content\/uploads\/2018\/06\/Maxine_Thylin.jpg\" alt=\"\" width=\"850\" height=\"567\" srcset=\"https:\/\/www.budokampsport.se\/wp-content\/uploads\/2018\/06\/Maxine_Thylin.jpg 850w, https:\/\/www.budokampsport.se\/wp-content\/uploads\/2018\/06\/Maxine_Thylin-600x400.jpg 600w, https:\/\/www.budokampsport.se\/wp-content\/uploads\/2018\/06\/Maxine_Thylin-278x185.jpg 278w, https:\/\/www.budokampsport.se\/wp-content\/uploads\/2018\/06\/Maxine_Thylin-376x251.jpg 376w, https:\/\/www.budokampsport.se\/wp-content\/uploads\/2018\/06\/Maxine_Thylin-847x565.jpg 847w, https:\/\/www.budokampsport.se\/wp-content\/uploads\/2018\/06\/Maxine_Thylin-572x382.jpg 572w\" sizes=\"auto, (max-width: 850px) 100vw, 850px\" \/><\/a><figcaption id=\"caption-attachment-73599\" class=\"wp-caption-text\">Foto: Mona Lundkvist<\/figcaption><\/figure>\n<p><strong>Du bor i USA och \u00e4r d\u00e4r st\u00f6rsta delen av \u00e5ret och Jujutsu-VM arrangeras i Malm\u00f6 i \u00e5r, n\u00e4r planerar du att komma hit till Sverige?<br \/>\n<\/strong>&#8211; Jag kommer den 14 november, s\u00e5 g\u00f6r klart min tr\u00e4ning i Sverige, och hinner f\u00f6rhoppningsvis st\u00e4lla om tiden. H\u00e5ll tummarna f\u00f6r det!<\/p>\n<p><strong>Hur har du planerat din tid h\u00e4r? Kommer du vila bort jetlag eller \u00e4r det tr\u00e4ning inplanerat under tiden innan t\u00e4vlingen?<br \/>\n<\/strong>&#8211; B\u00e5de och, jag kommer definitivt trappa ned p\u00e5 tr\u00e4ningen och se till att jag f\u00e5r in lite vila. Men jag ser fram emot att k\u00f6ra n\u00e5gra bra pass som sista uppladdning i Sverige innan t\u00e4vlingen.<\/p>\n<p><strong>En sista fr\u00e5ga, vad \u00e4r det f\u00f6rsta du ska g\u00f6ra n\u00e4r t\u00e4vlingen \u00e4r avslutad?<br \/>\n<\/strong>&#8211; Hmmm\u2026 duscha och \u00e4ta lite lussebullar. (skratt) Nej men mysa och krama familj och v\u00e4nner som jag saknar, ligger h\u00f6gt upp p\u00e5 listan.<\/p>\n<p>Text: Jenny Svensson<br \/>\nFoto: Sofia Arnbom och Mona Lundkvist<\/p>\n","protected":false},"excerpt":{"rendered":"<p>Maxine Thylin g\u00f6r sin debut i t\u00e4vlingsgrenen Newaza nu under VM i Malm\u00f6 23-25 november. Hennes st\u00f6rsta utmaning \u00e4r att ronderna \u00e4r kortare \u00e4n vad hon \u00e4r van vid, men hon ser fram emot att utmana sig sj\u00e4lv.<\/p><br>","protected":false},"author":7,"featured_media":62298,"comment_status":"open","ping_status":"open","sticky":false,"template":"","format":"standard","meta":{"_acf_changed":false,"footnotes":""},"categories":[1],"tags":[],"class_list":["post-81816","post","type-post","status-publish","format-standard","has-post-thumbnail","hentry","category-okategoriserade"],"acf":[],"yoast_head":"<!-- This site is optimized with the Yoast SEO plugin v26.8 - https:\/\/yoast.com\/product\/yoast-seo-wordpress\/ -->\n<title>BJJ-stj\u00e4rnan Maxine Thylin inf\u00f6r VM i jujutsu - Svenska Budo &amp; Kampsportsf\u00f6rbundet<\/title>\n<meta name=\"description\" content=\"Maxine Thylin g\u00f6r sin debut i t\u00e4vlingsgrenen Newaza nu under VM i Malm\u00f6 23-25 november. Hennes st\u00f6rsta utmaning \u00e4r att ronderna \u00e4r kortare \u00e4n vad hon \u00e4r van vid, men hon ser fram emot att utmana sig sj\u00e4lv.\" \/>\n<meta name=\"robots\" content=\"index, follow, max-snippet:-1, max-image-preview:large, max-video-preview:-1\" \/>\n<link rel=\"canonical\" href=\"https:\/\/www.budokampsport.se\/2018\/11\/13\/bjj-stjarnan-maxine-thylin-infor-vm-jujutsu\/\" \/>\n<meta property=\"og:locale\" content=\"sv_SE\" \/>\n<meta property=\"og:type\" content=\"article\" \/>\n<meta property=\"og:title\" content=\"BJJ-stj\u00e4rnan Maxine Thylin inf\u00f6r VM i jujutsu - Svenska Budo &amp; Kampsportsf\u00f6rbundet\" \/>\n<meta property=\"og:description\" content=\"Maxine Thylin g\u00f6r sin debut i t\u00e4vlingsgrenen Newaza nu under VM i Malm\u00f6 23-25 november. Hennes st\u00f6rsta utmaning \u00e4r att ronderna \u00e4r kortare \u00e4n vad hon \u00e4r van vid, men hon ser fram emot att utmana sig sj\u00e4lv.\" \/>\n<meta property=\"og:url\" content=\"https:\/\/www.budokampsport.se\/2018\/11\/13\/bjj-stjarnan-maxine-thylin-infor-vm-jujutsu\/\" \/>\n<meta property=\"og:site_name\" content=\"Svenska Budo &amp; Kampsportsf\u00f6rbundet\" \/>\n<meta property=\"article:author\" content=\"https:\/\/www.facebook.com\/jonathan.broberg.7\" \/>\n<meta property=\"article:published_time\" content=\"2018-11-13T11:15:02+00:00\" \/>\n<meta property=\"og:image\" content=\"https:\/\/www.budokampsport.se\/wp-content\/uploads\/2018\/01\/IMG_1636-e1624883261256.jpg\" \/>\n\t<meta property=\"og:image:width\" content=\"850\" \/>\n\t<meta property=\"og:image:height\" content=\"567\" \/>\n\t<meta property=\"og:image:type\" content=\"image\/jpeg\" \/>\n<meta name=\"author\" content=\"Jonathan Broberg\" \/>\n<meta name=\"twitter:card\" content=\"summary_large_image\" \/>\n<meta name=\"twitter:label1\" content=\"Skriven av\" \/>\n\t<meta name=\"twitter:data1\" content=\"Jonathan Broberg\" \/>\n\t<meta name=\"twitter:label2\" content=\"Ber\u00e4knad l\u00e4stid\" \/>\n\t<meta name=\"twitter:data2\" content=\"3 minuter\" \/>\n<script type=\"application\/ld+json\" class=\"yoast-schema-graph\">{\"@context\":\"https:\/\/schema.org\",\"@graph\":[{\"@type\":\"Article\",\"@id\":\"https:\/\/www.budokampsport.se\/2018\/11\/13\/bjj-stjarnan-maxine-thylin-infor-vm-jujutsu\/#article\",\"isPartOf\":{\"@id\":\"https:\/\/www.budokampsport.se\/2018\/11\/13\/bjj-stjarnan-maxine-thylin-infor-vm-jujutsu\/\"},\"author\":{\"name\":\"Jonathan Broberg\",\"@id\":\"https:\/\/www.budokampsport.se\/#\/schema\/person\/5c06d81d14850e2a8ce5493386560145\"},\"headline\":\"BJJ-stj\u00e4rnan Maxine Thylin inf\u00f6r VM i jujutsu\",\"datePublished\":\"2018-11-13T11:15:02+00:00\",\"mainEntityOfPage\":{\"@id\":\"https:\/\/www.budokampsport.se\/2018\/11\/13\/bjj-stjarnan-maxine-thylin-infor-vm-jujutsu\/\"},\"wordCount\":584,\"commentCount\":0,\"image\":{\"@id\":\"https:\/\/www.budokampsport.se\/2018\/11\/13\/bjj-stjarnan-maxine-thylin-infor-vm-jujutsu\/#primaryimage\"},\"thumbnailUrl\":\"https:\/\/www.budokampsport.se\/wp-content\/uploads\/2018\/01\/IMG_1636-e1624883261256.jpg\",\"inLanguage\":\"sv-SE\",\"potentialAction\":[{\"@type\":\"CommentAction\",\"name\":\"Comment\",\"target\":[\"https:\/\/www.budokampsport.se\/2018\/11\/13\/bjj-stjarnan-maxine-thylin-infor-vm-jujutsu\/#respond\"]}]},{\"@type\":\"WebPage\",\"@id\":\"https:\/\/www.budokampsport.se\/2018\/11\/13\/bjj-stjarnan-maxine-thylin-infor-vm-jujutsu\/\",\"url\":\"https:\/\/www.budokampsport.se\/2018\/11\/13\/bjj-stjarnan-maxine-thylin-infor-vm-jujutsu\/\",\"name\":\"BJJ-stj\u00e4rnan Maxine Thylin inf\u00f6r VM i jujutsu - Svenska Budo &amp; Kampsportsf\u00f6rbundet\",\"isPartOf\":{\"@id\":\"https:\/\/www.budokampsport.se\/#website\"},\"primaryImageOfPage\":{\"@id\":\"https:\/\/www.budokampsport.se\/2018\/11\/13\/bjj-stjarnan-maxine-thylin-infor-vm-jujutsu\/#primaryimage\"},\"image\":{\"@id\":\"https:\/\/www.budokampsport.se\/2018\/11\/13\/bjj-stjarnan-maxine-thylin-infor-vm-jujutsu\/#primaryimage\"},\"thumbnailUrl\":\"https:\/\/www.budokampsport.se\/wp-content\/uploads\/2018\/01\/IMG_1636-e1624883261256.jpg\",\"datePublished\":\"2018-11-13T11:15:02+00:00\",\"author\":{\"@id\":\"https:\/\/www.budokampsport.se\/#\/schema\/person\/5c06d81d14850e2a8ce5493386560145\"},\"description\":\"Maxine Thylin g\u00f6r sin debut i t\u00e4vlingsgrenen Newaza nu under VM i Malm\u00f6 23-25 november. Hennes st\u00f6rsta utmaning \u00e4r att ronderna \u00e4r kortare \u00e4n vad hon \u00e4r van vid, men hon ser fram emot att utmana sig sj\u00e4lv.\",\"breadcrumb\":{\"@id\":\"https:\/\/www.budokampsport.se\/2018\/11\/13\/bjj-stjarnan-maxine-thylin-infor-vm-jujutsu\/#breadcrumb\"},\"inLanguage\":\"sv-SE\",\"potentialAction\":[{\"@type\":\"ReadAction\",\"target\":[\"https:\/\/www.budokampsport.se\/2018\/11\/13\/bjj-stjarnan-maxine-thylin-infor-vm-jujutsu\/\"]}]},{\"@type\":\"ImageObject\",\"inLanguage\":\"sv-SE\",\"@id\":\"https:\/\/www.budokampsport.se\/2018\/11\/13\/bjj-stjarnan-maxine-thylin-infor-vm-jujutsu\/#primaryimage\",\"url\":\"https:\/\/www.budokampsport.se\/wp-content\/uploads\/2018\/01\/IMG_1636-e1624883261256.jpg\",\"contentUrl\":\"https:\/\/www.budokampsport.se\/wp-content\/uploads\/2018\/01\/IMG_1636-e1624883261256.jpg\",\"width\":850,\"height\":567,\"caption\":\"Foto: Sofia Arnbom\"},{\"@type\":\"BreadcrumbList\",\"@id\":\"https:\/\/www.budokampsport.se\/2018\/11\/13\/bjj-stjarnan-maxine-thylin-infor-vm-jujutsu\/#breadcrumb\",\"itemListElement\":[{\"@type\":\"ListItem\",\"position\":1,\"name\":\"Hem\",\"item\":\"https:\/\/www.budokampsport.se\/\"},{\"@type\":\"ListItem\",\"position\":2,\"name\":\"BJJ-stj\u00e4rnan Maxine Thylin inf\u00f6r VM i jujutsu\"}]},{\"@type\":\"WebSite\",\"@id\":\"https:\/\/www.budokampsport.se\/#website\",\"url\":\"https:\/\/www.budokampsport.se\/\",\"name\":\"Svenska Budo &amp; Kampsportsf\u00f6rbundet\",\"description\":\"T\u00e4vling, Tr\u00e4ning, Tradition\",\"potentialAction\":[{\"@type\":\"SearchAction\",\"target\":{\"@type\":\"EntryPoint\",\"urlTemplate\":\"https:\/\/www.budokampsport.se\/?s={search_term_string}\"},\"query-input\":{\"@type\":\"PropertyValueSpecification\",\"valueRequired\":true,\"valueName\":\"search_term_string\"}}],\"inLanguage\":\"sv-SE\"},{\"@type\":\"Person\",\"@id\":\"https:\/\/www.budokampsport.se\/#\/schema\/person\/5c06d81d14850e2a8ce5493386560145\",\"name\":\"Jonathan Broberg\",\"image\":{\"@type\":\"ImageObject\",\"inLanguage\":\"sv-SE\",\"@id\":\"https:\/\/www.budokampsport.se\/#\/schema\/person\/image\/\",\"url\":\"https:\/\/secure.gravatar.com\/avatar\/a58041c6cea9128bd9c40ee2f26d4136?s=96&d=blank&r=g\",\"contentUrl\":\"https:\/\/secure.gravatar.com\/avatar\/a58041c6cea9128bd9c40ee2f26d4136?s=96&d=blank&r=g\",\"caption\":\"Jonathan Broberg\"},\"sameAs\":[\"https:\/\/www.facebook.com\/jonathan.broberg.7\"],\"url\":\"https:\/\/www.budokampsport.se\/author\/jonathan\/\"}]}<\/script>\n<!-- \/ Yoast SEO plugin. -->","yoast_head_json":{"title":"BJJ-stj\u00e4rnan Maxine Thylin inf\u00f6r VM i jujutsu - Svenska Budo &amp; Kampsportsf\u00f6rbundet","description":"Maxine Thylin g\u00f6r sin debut i t\u00e4vlingsgrenen Newaza nu under VM i Malm\u00f6 23-25 november. Hennes st\u00f6rsta utmaning \u00e4r att ronderna \u00e4r kortare \u00e4n vad hon \u00e4r van vid, men hon ser fram emot att utmana sig sj\u00e4lv.","robots":{"index":"index","follow":"follow","max-snippet":"max-snippet:-1","max-image-preview":"max-image-preview:large","max-video-preview":"max-video-preview:-1"},"canonical":"https:\/\/www.budokampsport.se\/2018\/11\/13\/bjj-stjarnan-maxine-thylin-infor-vm-jujutsu\/","og_locale":"sv_SE","og_type":"article","og_title":"BJJ-stj\u00e4rnan Maxine Thylin inf\u00f6r VM i jujutsu - Svenska Budo &amp; Kampsportsf\u00f6rbundet","og_description":"Maxine Thylin g\u00f6r sin debut i t\u00e4vlingsgrenen Newaza nu under VM i Malm\u00f6 23-25 november. Hennes st\u00f6rsta utmaning \u00e4r att ronderna \u00e4r kortare \u00e4n vad hon \u00e4r van vid, men hon ser fram emot att utmana sig sj\u00e4lv.","og_url":"https:\/\/www.budokampsport.se\/2018\/11\/13\/bjj-stjarnan-maxine-thylin-infor-vm-jujutsu\/","og_site_name":"Svenska Budo &amp; Kampsportsf\u00f6rbundet","article_author":"https:\/\/www.facebook.com\/jonathan.broberg.7","article_published_time":"2018-11-13T11:15:02+00:00","og_image":[{"width":850,"height":567,"url":"https:\/\/www.budokampsport.se\/wp-content\/uploads\/2018\/01\/IMG_1636-e1624883261256.jpg","type":"image\/jpeg"}],"author":"Jonathan Broberg","twitter_card":"summary_large_image","twitter_misc":{"Skriven av":"Jonathan Broberg","Ber\u00e4knad l\u00e4stid":"3 minuter"},"schema":{"@context":"https:\/\/schema.org","@graph":[{"@type":"Article","@id":"https:\/\/www.budokampsport.se\/2018\/11\/13\/bjj-stjarnan-maxine-thylin-infor-vm-jujutsu\/#article","isPartOf":{"@id":"https:\/\/www.budokampsport.se\/2018\/11\/13\/bjj-stjarnan-maxine-thylin-infor-vm-jujutsu\/"},"author":{"name":"Jonathan Broberg","@id":"https:\/\/www.budokampsport.se\/#\/schema\/person\/5c06d81d14850e2a8ce5493386560145"},"headline":"BJJ-stj\u00e4rnan Maxine Thylin inf\u00f6r VM i jujutsu","datePublished":"2018-11-13T11:15:02+00:00","mainEntityOfPage":{"@id":"https:\/\/www.budokampsport.se\/2018\/11\/13\/bjj-stjarnan-maxine-thylin-infor-vm-jujutsu\/"},"wordCount":584,"commentCount":0,"image":{"@id":"https:\/\/www.budokampsport.se\/2018\/11\/13\/bjj-stjarnan-maxine-thylin-infor-vm-jujutsu\/#primaryimage"},"thumbnailUrl":"https:\/\/www.budokampsport.se\/wp-content\/uploads\/2018\/01\/IMG_1636-e1624883261256.jpg","inLanguage":"sv-SE","potentialAction":[{"@type":"CommentAction","name":"Comment","target":["https:\/\/www.budokampsport.se\/2018\/11\/13\/bjj-stjarnan-maxine-thylin-infor-vm-jujutsu\/#respond"]}]},{"@type":"WebPage","@id":"https:\/\/www.budokampsport.se\/2018\/11\/13\/bjj-stjarnan-maxine-thylin-infor-vm-jujutsu\/","url":"https:\/\/www.budokampsport.se\/2018\/11\/13\/bjj-stjarnan-maxine-thylin-infor-vm-jujutsu\/","name":"BJJ-stj\u00e4rnan Maxine Thylin inf\u00f6r VM i jujutsu - Svenska Budo &amp; Kampsportsf\u00f6rbundet","isPartOf":{"@id":"https:\/\/www.budokampsport.se\/#website"},"primaryImageOfPage":{"@id":"https:\/\/www.budokampsport.se\/2018\/11\/13\/bjj-stjarnan-maxine-thylin-infor-vm-jujutsu\/#primaryimage"},"image":{"@id":"https:\/\/www.budokampsport.se\/2018\/11\/13\/bjj-stjarnan-maxine-thylin-infor-vm-jujutsu\/#primaryimage"},"thumbnailUrl":"https:\/\/www.budokampsport.se\/wp-content\/uploads\/2018\/01\/IMG_1636-e1624883261256.jpg","datePublished":"2018-11-13T11:15:02+00:00","author":{"@id":"https:\/\/www.budokampsport.se\/#\/schema\/person\/5c06d81d14850e2a8ce5493386560145"},"description":"Maxine Thylin g\u00f6r sin debut i t\u00e4vlingsgrenen Newaza nu under VM i Malm\u00f6 23-25 november. Hennes st\u00f6rsta utmaning \u00e4r att ronderna \u00e4r kortare \u00e4n vad hon \u00e4r van vid, men hon ser fram emot att utmana sig sj\u00e4lv.","breadcrumb":{"@id":"https:\/\/www.budokampsport.se\/2018\/11\/13\/bjj-stjarnan-maxine-thylin-infor-vm-jujutsu\/#breadcrumb"},"inLanguage":"sv-SE","potentialAction":[{"@type":"ReadAction","target":["https:\/\/www.budokampsport.se\/2018\/11\/13\/bjj-stjarnan-maxine-thylin-infor-vm-jujutsu\/"]}]},{"@type":"ImageObject","inLanguage":"sv-SE","@id":"https:\/\/www.budokampsport.se\/2018\/11\/13\/bjj-stjarnan-maxine-thylin-infor-vm-jujutsu\/#primaryimage","url":"https:\/\/www.budokampsport.se\/wp-content\/uploads\/2018\/01\/IMG_1636-e1624883261256.jpg","contentUrl":"https:\/\/www.budokampsport.se\/wp-content\/uploads\/2018\/01\/IMG_1636-e1624883261256.jpg","width":850,"height":567,"caption":"Foto: Sofia Arnbom"},{"@type":"BreadcrumbList","@id":"https:\/\/www.budokampsport.se\/2018\/11\/13\/bjj-stjarnan-maxine-thylin-infor-vm-jujutsu\/#breadcrumb","itemListElement":[{"@type":"ListItem","position":1,"name":"Hem","item":"https:\/\/www.budokampsport.se\/"},{"@type":"ListItem","position":2,"name":"BJJ-stj\u00e4rnan Maxine Thylin inf\u00f6r VM i jujutsu"}]},{"@type":"WebSite","@id":"https:\/\/www.budokampsport.se\/#website","url":"https:\/\/www.budokampsport.se\/","name":"Svenska Budo &amp; Kampsportsf\u00f6rbundet","description":"T\u00e4vling, Tr\u00e4ning, Tradition","potentialAction":[{"@type":"SearchAction","target":{"@type":"EntryPoint","urlTemplate":"https:\/\/www.budokampsport.se\/?s={search_term_string}"},"query-input":{"@type":"PropertyValueSpecification","valueRequired":true,"valueName":"search_term_string"}}],"inLanguage":"sv-SE"},{"@type":"Person","@id":"https:\/\/www.budokampsport.se\/#\/schema\/person\/5c06d81d14850e2a8ce5493386560145","name":"Jonathan Broberg","image":{"@type":"ImageObject","inLanguage":"sv-SE","@id":"https:\/\/www.budokampsport.se\/#\/schema\/person\/image\/","url":"https:\/\/secure.gravatar.com\/avatar\/a58041c6cea9128bd9c40ee2f26d4136?s=96&d=blank&r=g","contentUrl":"https:\/\/secure.gravatar.com\/avatar\/a58041c6cea9128bd9c40ee2f26d4136?s=96&d=blank&r=g","caption":"Jonathan Broberg"},"sameAs":["https:\/\/www.facebook.com\/jonathan.broberg.7"],"url":"https:\/\/www.budokampsport.se\/author\/jonathan\/"}]}},"_links":{"self":[{"href":"https:\/\/www.budokampsport.se\/api\/wp\/v2\/posts\/81816","targetHints":{"allow":["GET"]}}],"collection":[{"href":"https:\/\/www.budokampsport.se\/api\/wp\/v2\/posts"}],"about":[{"href":"https:\/\/www.budokampsport.se\/api\/wp\/v2\/types\/post"}],"author":[{"embeddable":true,"href":"https:\/\/www.budokampsport.se\/api\/wp\/v2\/users\/7"}],"replies":[{"embeddable":true,"href":"https:\/\/www.budokampsport.se\/api\/wp\/v2\/comments?post=81816"}],"version-history":[{"count":0,"href":"https:\/\/www.budokampsport.se\/api\/wp\/v2\/posts\/81816\/revisions"}],"wp:featuredmedia":[{"embeddable":true,"href":"https:\/\/www.budokampsport.se\/api\/wp\/v2\/media\/62298"}],"wp:attachment":[{"href":"https:\/\/www.budokampsport.se\/api\/wp\/v2\/media?parent=81816"}],"wp:term":[{"taxonomy":"category","embeddable":true,"href":"https:\/\/www.budokampsport.se\/api\/wp\/v2\/categories?post=81816"},{"taxonomy":"post_tag","embeddable":true,"href":"https:\/\/www.budokampsport.se\/api\/wp\/v2\/tags?post=81816"}],"curies":[{"name":"wp","href":"https:\/\/api.w.org\/{rel}","templated":true}]}}