{"id":81832,"date":"2018-11-15T10:00:18","date_gmt":"2018-11-15T09:00:18","guid":{"rendered":"http:\/\/www.budokampsport.se\/?p=81832"},"modified":"2018-11-14T10:55:23","modified_gmt":"2018-11-14T09:55:23","slug":"martina-gramenius-har-guld-sikte-nar-vm-avgors-pa-hemmaplan","status":"publish","type":"post","link":"https:\/\/www.budokampsport.se\/2018\/11\/15\/martina-gramenius-har-guld-sikte-nar-vm-avgors-pa-hemmaplan\/","title":{"rendered":"Martina Gramenius har guld i sikte n\u00e4r VM avg\u00f6rs p\u00e5 hemmaplan"},"content":{"rendered":"<p><span style=\"font-size: 14pt;\">PR-konsulten Martina Gramenius fr\u00e5n Stockholm har haft en str\u00e5lande karri\u00e4r inom brasiliansk jujutsu d\u00e4r hon tidigare vunnit b\u00e5de VM och EM-medaljer, nu \u00e4r hon redo att ta sig an VM i Malm\u00f6 i stilen ne wasa.<\/span><br \/>\n<span style=\"font-size: 14pt;\">&#8211; Det ska bli j\u00e4ttekul! Jag har aldrig t\u00e4vlat n\u00e5got stort m\u00e4sterskap p\u00e5 hemmaplan f\u00f6rut, s\u00e4ger Martina Gramenius till budokampsport.se<\/span><\/p>\n<p><strong>Martinas m\u00e5ls\u00e4ttning att ta hem guldet till Sverige \u00e4r mer \u00e4n realistisk, f\u00f6rutom tidigare framg\u00e5ngar i BJJ vann hon h\u00f6stens prestiget\u00e4vling i jujutsu, German Open.<\/strong><br \/>\n&#8211; Det k\u00e4ndes supersk\u00f6nt! S\u00e5g att ett par namn finns i anm\u00e4lningslistan \u00e4ven till VM s\u00e5 det k\u00e4nns sk\u00f6nt att ha lite koll, s\u00e4ger Martina.<\/p>\n<p><strong>Martina har tr\u00e4nade jujutsu under ton\u00e5ren innan hon f\u00f6r sex \u00e5r sedan b\u00f6rjade med BJJ d\u00e4r vi \u00e4r vana att se henne i m\u00e4sterskapssammanhang. Men nu \u00e4r det dags f\u00f6r jujutsu.<\/strong><br \/>\n&#8211; Det ska bli j\u00e4ttekul! Reglerna \u00e4r ungef\u00e4r samma som i UAEJJF och i den federationen har jag t\u00e4vlat en hel del s\u00e5 den biten \u00e4r jag ganska van vid. D\u00e4remot blir motst\u00e5ndet lite annorlunda. Jag tror att det \u00e4r fler som har bakgrund inom judo och traditionell jujutsu, s\u00e5 de spelar lite annorlunda \u00e4n jag \u00e4r van vid. Jag har deltagit i en t\u00e4vling arrangerad av IJJF och det var mina l\u00e4rdomar fr\u00e5n den iallafall. Men det \u00e4r n\u00e5gra i viktklassen som \u00e4ven t\u00e4vlar mycket under IBJJF och UAEJJF s\u00e5 en del har jag koll p\u00e5 d\u00e5 jag m\u00f6tt dem f\u00f6rut eller sett dem p\u00e5 t\u00e4vlingar, s\u00e4ger Martina.<\/p>\n<p><strong>Martina har haft ett intensivt \u00e5r med mycket t\u00e4vlande och en hel del resande, n\u00e5got som g\u00f6r uppl\u00e4gget extra komplext \u00e4r avsaknaden av tydliga t\u00e4vlingss\u00e4songer.<\/strong><br \/>\n&#8211; Jag har k\u00f6rt p\u00e5 s\u00e5 mycket jag bara kan. Det \u00e4r lite knepigt ibland med bjj d\u00e5 vi inte har n\u00e5gra tydliga s\u00e4songer som andra idrotter, speciellt om man som jag t\u00e4vlar b\u00e5de med och utan dr\u00e4kt i olika federationer. Jag tr\u00e4nade mer uppbyggnadstr\u00e4ning och styrka i somras d\u00e5 jag hade en paus fr\u00e5n t\u00e4vlandet, och nu har det blivit mer fokus p\u00e5 bjj och kondition, s\u00e4ger Martina.<\/p>\n<p><strong>Martina kommer att t\u00e4vla i ne wasa* -70 kg och m\u00e5ls\u00e4ttningen \u00e4r guld. I en potentiell VM-final skulle hon g\u00e4rna m\u00f6ta jordanska Yara Kakish.<\/strong><br \/>\n&#8211; Vi m\u00f6ttes i semifinalen i Abu Dhabi f\u00f6rra \u00e5ret och hade en riktigt kul och j\u00e4mn match. Jag har m\u00f6tt n\u00e5gra stycken andra som kommer delta f\u00f6rut, men de flesta namnen \u00e4r nya f\u00f6r mig, avslutar Martina.<\/p>\n<p><em>*Ne wasa<\/em><br \/>\n<em>En stil d\u00e4r man alltid b\u00f6rjar st\u00e5ende och f\u00f6rs\u00f6ker hitta nedtagningar f\u00f6r att sedan f\u00f6ra en markkamp, inga slag- eller sparktekniker till\u00e5ts. Vinst kan ske genom po\u00e4ng eller olika typer av submissions och l\u00e5s.<\/em><\/p>\n<p>VM i jujutsu p\u00e5g\u00e5r mellan 23-25:e november i Baltiska Hallen, Malm\u00f6. Sverige st\u00e4ller upp med en trupp om 14 deltagare i stilarna ne wasa, fight och duo.<br \/>\nBiljetter till evenemanget g\u00e5r att k\u00f6pa p\u00e5 plats, mer info finns <a href=\"http:\/\/www.jujutsu2018.se\/tickets\/\">h\u00e4r.<\/a><\/p>\n<p>Text: Annie Bondefelt<br \/>\nFoto: Arkivbild<\/p>\n","protected":false},"excerpt":{"rendered":"<p>PR-konsulten Martina Gramenius fr\u00e5n Stockholm har haft en str\u00e5lande karri\u00e4r [&#8230;]<\/p><br>","protected":false},"author":120,"featured_media":76148,"comment_status":"open","ping_status":"open","sticky":false,"template":"","format":"standard","meta":{"_acf_changed":false,"footnotes":""},"categories":[1],"tags":[],"class_list":["post-81832","post","type-post","status-publish","format-standard","has-post-thumbnail","hentry","category-okategoriserade"],"acf":[],"yoast_head":"<!-- This site is optimized with the Yoast SEO plugin v26.8 - https:\/\/yoast.com\/product\/yoast-seo-wordpress\/ -->\n<title>Martina Gramenius har guld i sikte n\u00e4r VM avg\u00f6rs p\u00e5 hemmaplan - Svenska Budo &amp; Kampsportsf\u00f6rbundet<\/title>\n<meta name=\"description\" content=\"PR-konsulten Martina Gramenius fr\u00e5n Stockholm har haft en str\u00e5lande karri\u00e4r inom brasiliansk jujutsu d\u00e4r hon tidigare vunnit b\u00e5de VM och EM-medaljer, nu\" \/>\n<meta name=\"robots\" content=\"index, follow, max-snippet:-1, max-image-preview:large, max-video-preview:-1\" \/>\n<link rel=\"canonical\" href=\"https:\/\/www.budokampsport.se\/2018\/11\/15\/martina-gramenius-har-guld-sikte-nar-vm-avgors-pa-hemmaplan\/\" \/>\n<meta property=\"og:locale\" content=\"sv_SE\" \/>\n<meta property=\"og:type\" content=\"article\" \/>\n<meta property=\"og:title\" content=\"Martina Gramenius har guld i sikte n\u00e4r VM avg\u00f6rs p\u00e5 hemmaplan - Svenska Budo &amp; Kampsportsf\u00f6rbundet\" \/>\n<meta property=\"og:description\" content=\"PR-konsulten Martina Gramenius fr\u00e5n Stockholm har haft en str\u00e5lande karri\u00e4r inom brasiliansk jujutsu d\u00e4r hon tidigare vunnit b\u00e5de VM och EM-medaljer, nu\" \/>\n<meta property=\"og:url\" content=\"https:\/\/www.budokampsport.se\/2018\/11\/15\/martina-gramenius-har-guld-sikte-nar-vm-avgors-pa-hemmaplan\/\" \/>\n<meta property=\"og:site_name\" content=\"Svenska Budo &amp; Kampsportsf\u00f6rbundet\" \/>\n<meta property=\"article:published_time\" content=\"2018-11-15T09:00:18+00:00\" \/>\n<meta property=\"og:image\" content=\"https:\/\/www.budokampsport.se\/wp-content\/uploads\/2018\/08\/martina.jpg\" \/>\n\t<meta property=\"og:image:width\" content=\"698\" \/>\n\t<meta property=\"og:image:height\" content=\"447\" \/>\n\t<meta property=\"og:image:type\" content=\"image\/jpeg\" \/>\n<meta name=\"author\" content=\"Annie Carriage\" \/>\n<meta name=\"twitter:card\" content=\"summary_large_image\" \/>\n<meta name=\"twitter:label1\" content=\"Skriven av\" \/>\n\t<meta name=\"twitter:data1\" content=\"Annie Carriage\" \/>\n\t<meta name=\"twitter:label2\" content=\"Ber\u00e4knad l\u00e4stid\" \/>\n\t<meta name=\"twitter:data2\" content=\"3 minuter\" \/>\n<script type=\"application\/ld+json\" class=\"yoast-schema-graph\">{\"@context\":\"https:\/\/schema.org\",\"@graph\":[{\"@type\":\"Article\",\"@id\":\"https:\/\/www.budokampsport.se\/2018\/11\/15\/martina-gramenius-har-guld-sikte-nar-vm-avgors-pa-hemmaplan\/#article\",\"isPartOf\":{\"@id\":\"https:\/\/www.budokampsport.se\/2018\/11\/15\/martina-gramenius-har-guld-sikte-nar-vm-avgors-pa-hemmaplan\/\"},\"author\":{\"name\":\"Annie Carriage\",\"@id\":\"https:\/\/www.budokampsport.se\/#\/schema\/person\/c838cace8171f692e363fde3f38f208b\"},\"headline\":\"Martina Gramenius har guld i sikte n\u00e4r VM avg\u00f6rs p\u00e5 hemmaplan\",\"datePublished\":\"2018-11-15T09:00:18+00:00\",\"mainEntityOfPage\":{\"@id\":\"https:\/\/www.budokampsport.se\/2018\/11\/15\/martina-gramenius-har-guld-sikte-nar-vm-avgors-pa-hemmaplan\/\"},\"wordCount\":586,\"commentCount\":0,\"image\":{\"@id\":\"https:\/\/www.budokampsport.se\/2018\/11\/15\/martina-gramenius-har-guld-sikte-nar-vm-avgors-pa-hemmaplan\/#primaryimage\"},\"thumbnailUrl\":\"https:\/\/www.budokampsport.se\/wp-content\/uploads\/2018\/08\/martina.jpg\",\"inLanguage\":\"sv-SE\",\"potentialAction\":[{\"@type\":\"CommentAction\",\"name\":\"Comment\",\"target\":[\"https:\/\/www.budokampsport.se\/2018\/11\/15\/martina-gramenius-har-guld-sikte-nar-vm-avgors-pa-hemmaplan\/#respond\"]}]},{\"@type\":\"WebPage\",\"@id\":\"https:\/\/www.budokampsport.se\/2018\/11\/15\/martina-gramenius-har-guld-sikte-nar-vm-avgors-pa-hemmaplan\/\",\"url\":\"https:\/\/www.budokampsport.se\/2018\/11\/15\/martina-gramenius-har-guld-sikte-nar-vm-avgors-pa-hemmaplan\/\",\"name\":\"Martina Gramenius har guld i sikte n\u00e4r VM avg\u00f6rs p\u00e5 hemmaplan - Svenska Budo &amp; Kampsportsf\u00f6rbundet\",\"isPartOf\":{\"@id\":\"https:\/\/www.budokampsport.se\/#website\"},\"primaryImageOfPage\":{\"@id\":\"https:\/\/www.budokampsport.se\/2018\/11\/15\/martina-gramenius-har-guld-sikte-nar-vm-avgors-pa-hemmaplan\/#primaryimage\"},\"image\":{\"@id\":\"https:\/\/www.budokampsport.se\/2018\/11\/15\/martina-gramenius-har-guld-sikte-nar-vm-avgors-pa-hemmaplan\/#primaryimage\"},\"thumbnailUrl\":\"https:\/\/www.budokampsport.se\/wp-content\/uploads\/2018\/08\/martina.jpg\",\"datePublished\":\"2018-11-15T09:00:18+00:00\",\"author\":{\"@id\":\"https:\/\/www.budokampsport.se\/#\/schema\/person\/c838cace8171f692e363fde3f38f208b\"},\"description\":\"PR-konsulten Martina Gramenius fr\u00e5n Stockholm har haft en str\u00e5lande karri\u00e4r inom brasiliansk jujutsu d\u00e4r hon tidigare vunnit b\u00e5de VM och EM-medaljer, nu\",\"breadcrumb\":{\"@id\":\"https:\/\/www.budokampsport.se\/2018\/11\/15\/martina-gramenius-har-guld-sikte-nar-vm-avgors-pa-hemmaplan\/#breadcrumb\"},\"inLanguage\":\"sv-SE\",\"potentialAction\":[{\"@type\":\"ReadAction\",\"target\":[\"https:\/\/www.budokampsport.se\/2018\/11\/15\/martina-gramenius-har-guld-sikte-nar-vm-avgors-pa-hemmaplan\/\"]}]},{\"@type\":\"ImageObject\",\"inLanguage\":\"sv-SE\",\"@id\":\"https:\/\/www.budokampsport.se\/2018\/11\/15\/martina-gramenius-har-guld-sikte-nar-vm-avgors-pa-hemmaplan\/#primaryimage\",\"url\":\"https:\/\/www.budokampsport.se\/wp-content\/uploads\/2018\/08\/martina.jpg\",\"contentUrl\":\"https:\/\/www.budokampsport.se\/wp-content\/uploads\/2018\/08\/martina.jpg\",\"width\":698,\"height\":447},{\"@type\":\"BreadcrumbList\",\"@id\":\"https:\/\/www.budokampsport.se\/2018\/11\/15\/martina-gramenius-har-guld-sikte-nar-vm-avgors-pa-hemmaplan\/#breadcrumb\",\"itemListElement\":[{\"@type\":\"ListItem\",\"position\":1,\"name\":\"Hem\",\"item\":\"https:\/\/www.budokampsport.se\/\"},{\"@type\":\"ListItem\",\"position\":2,\"name\":\"Martina Gramenius har guld i sikte n\u00e4r VM avg\u00f6rs p\u00e5 hemmaplan\"}]},{\"@type\":\"WebSite\",\"@id\":\"https:\/\/www.budokampsport.se\/#website\",\"url\":\"https:\/\/www.budokampsport.se\/\",\"name\":\"Svenska Budo &amp; Kampsportsf\u00f6rbundet\",\"description\":\"T\u00e4vling, Tr\u00e4ning, Tradition\",\"potentialAction\":[{\"@type\":\"SearchAction\",\"target\":{\"@type\":\"EntryPoint\",\"urlTemplate\":\"https:\/\/www.budokampsport.se\/?s={search_term_string}\"},\"query-input\":{\"@type\":\"PropertyValueSpecification\",\"valueRequired\":true,\"valueName\":\"search_term_string\"}}],\"inLanguage\":\"sv-SE\"},{\"@type\":\"Person\",\"@id\":\"https:\/\/www.budokampsport.se\/#\/schema\/person\/c838cace8171f692e363fde3f38f208b\",\"name\":\"Annie Carriage\",\"image\":{\"@type\":\"ImageObject\",\"inLanguage\":\"sv-SE\",\"@id\":\"https:\/\/www.budokampsport.se\/#\/schema\/person\/image\/\",\"url\":\"https:\/\/secure.gravatar.com\/avatar\/9311295560bdfbdf78365a26f7df1876?s=96&d=blank&r=g\",\"contentUrl\":\"https:\/\/secure.gravatar.com\/avatar\/9311295560bdfbdf78365a26f7df1876?s=96&d=blank&r=g\",\"caption\":\"Annie Carriage\"},\"url\":\"https:\/\/www.budokampsport.se\/author\/annie-bondefelt\/\"}]}<\/script>\n<!-- \/ Yoast SEO plugin. -->","yoast_head_json":{"title":"Martina Gramenius har guld i sikte n\u00e4r VM avg\u00f6rs p\u00e5 hemmaplan - Svenska Budo &amp; Kampsportsf\u00f6rbundet","description":"PR-konsulten Martina Gramenius fr\u00e5n Stockholm har haft en str\u00e5lande karri\u00e4r inom brasiliansk jujutsu d\u00e4r hon tidigare vunnit b\u00e5de VM och EM-medaljer, nu","robots":{"index":"index","follow":"follow","max-snippet":"max-snippet:-1","max-image-preview":"max-image-preview:large","max-video-preview":"max-video-preview:-1"},"canonical":"https:\/\/www.budokampsport.se\/2018\/11\/15\/martina-gramenius-har-guld-sikte-nar-vm-avgors-pa-hemmaplan\/","og_locale":"sv_SE","og_type":"article","og_title":"Martina Gramenius har guld i sikte n\u00e4r VM avg\u00f6rs p\u00e5 hemmaplan - Svenska Budo &amp; Kampsportsf\u00f6rbundet","og_description":"PR-konsulten Martina Gramenius fr\u00e5n Stockholm har haft en str\u00e5lande karri\u00e4r inom brasiliansk jujutsu d\u00e4r hon tidigare vunnit b\u00e5de VM och EM-medaljer, nu","og_url":"https:\/\/www.budokampsport.se\/2018\/11\/15\/martina-gramenius-har-guld-sikte-nar-vm-avgors-pa-hemmaplan\/","og_site_name":"Svenska Budo &amp; Kampsportsf\u00f6rbundet","article_published_time":"2018-11-15T09:00:18+00:00","og_image":[{"width":698,"height":447,"url":"https:\/\/www.budokampsport.se\/wp-content\/uploads\/2018\/08\/martina.jpg","type":"image\/jpeg"}],"author":"Annie Carriage","twitter_card":"summary_large_image","twitter_misc":{"Skriven av":"Annie Carriage","Ber\u00e4knad l\u00e4stid":"3 minuter"},"schema":{"@context":"https:\/\/schema.org","@graph":[{"@type":"Article","@id":"https:\/\/www.budokampsport.se\/2018\/11\/15\/martina-gramenius-har-guld-sikte-nar-vm-avgors-pa-hemmaplan\/#article","isPartOf":{"@id":"https:\/\/www.budokampsport.se\/2018\/11\/15\/martina-gramenius-har-guld-sikte-nar-vm-avgors-pa-hemmaplan\/"},"author":{"name":"Annie Carriage","@id":"https:\/\/www.budokampsport.se\/#\/schema\/person\/c838cace8171f692e363fde3f38f208b"},"headline":"Martina Gramenius har guld i sikte n\u00e4r VM avg\u00f6rs p\u00e5 hemmaplan","datePublished":"2018-11-15T09:00:18+00:00","mainEntityOfPage":{"@id":"https:\/\/www.budokampsport.se\/2018\/11\/15\/martina-gramenius-har-guld-sikte-nar-vm-avgors-pa-hemmaplan\/"},"wordCount":586,"commentCount":0,"image":{"@id":"https:\/\/www.budokampsport.se\/2018\/11\/15\/martina-gramenius-har-guld-sikte-nar-vm-avgors-pa-hemmaplan\/#primaryimage"},"thumbnailUrl":"https:\/\/www.budokampsport.se\/wp-content\/uploads\/2018\/08\/martina.jpg","inLanguage":"sv-SE","potentialAction":[{"@type":"CommentAction","name":"Comment","target":["https:\/\/www.budokampsport.se\/2018\/11\/15\/martina-gramenius-har-guld-sikte-nar-vm-avgors-pa-hemmaplan\/#respond"]}]},{"@type":"WebPage","@id":"https:\/\/www.budokampsport.se\/2018\/11\/15\/martina-gramenius-har-guld-sikte-nar-vm-avgors-pa-hemmaplan\/","url":"https:\/\/www.budokampsport.se\/2018\/11\/15\/martina-gramenius-har-guld-sikte-nar-vm-avgors-pa-hemmaplan\/","name":"Martina Gramenius har guld i sikte n\u00e4r VM avg\u00f6rs p\u00e5 hemmaplan - Svenska Budo &amp; Kampsportsf\u00f6rbundet","isPartOf":{"@id":"https:\/\/www.budokampsport.se\/#website"},"primaryImageOfPage":{"@id":"https:\/\/www.budokampsport.se\/2018\/11\/15\/martina-gramenius-har-guld-sikte-nar-vm-avgors-pa-hemmaplan\/#primaryimage"},"image":{"@id":"https:\/\/www.budokampsport.se\/2018\/11\/15\/martina-gramenius-har-guld-sikte-nar-vm-avgors-pa-hemmaplan\/#primaryimage"},"thumbnailUrl":"https:\/\/www.budokampsport.se\/wp-content\/uploads\/2018\/08\/martina.jpg","datePublished":"2018-11-15T09:00:18+00:00","author":{"@id":"https:\/\/www.budokampsport.se\/#\/schema\/person\/c838cace8171f692e363fde3f38f208b"},"description":"PR-konsulten Martina Gramenius fr\u00e5n Stockholm har haft en str\u00e5lande karri\u00e4r inom brasiliansk jujutsu d\u00e4r hon tidigare vunnit b\u00e5de VM och EM-medaljer, nu","breadcrumb":{"@id":"https:\/\/www.budokampsport.se\/2018\/11\/15\/martina-gramenius-har-guld-sikte-nar-vm-avgors-pa-hemmaplan\/#breadcrumb"},"inLanguage":"sv-SE","potentialAction":[{"@type":"ReadAction","target":["https:\/\/www.budokampsport.se\/2018\/11\/15\/martina-gramenius-har-guld-sikte-nar-vm-avgors-pa-hemmaplan\/"]}]},{"@type":"ImageObject","inLanguage":"sv-SE","@id":"https:\/\/www.budokampsport.se\/2018\/11\/15\/martina-gramenius-har-guld-sikte-nar-vm-avgors-pa-hemmaplan\/#primaryimage","url":"https:\/\/www.budokampsport.se\/wp-content\/uploads\/2018\/08\/martina.jpg","contentUrl":"https:\/\/www.budokampsport.se\/wp-content\/uploads\/2018\/08\/martina.jpg","width":698,"height":447},{"@type":"BreadcrumbList","@id":"https:\/\/www.budokampsport.se\/2018\/11\/15\/martina-gramenius-har-guld-sikte-nar-vm-avgors-pa-hemmaplan\/#breadcrumb","itemListElement":[{"@type":"ListItem","position":1,"name":"Hem","item":"https:\/\/www.budokampsport.se\/"},{"@type":"ListItem","position":2,"name":"Martina Gramenius har guld i sikte n\u00e4r VM avg\u00f6rs p\u00e5 hemmaplan"}]},{"@type":"WebSite","@id":"https:\/\/www.budokampsport.se\/#website","url":"https:\/\/www.budokampsport.se\/","name":"Svenska Budo &amp; Kampsportsf\u00f6rbundet","description":"T\u00e4vling, Tr\u00e4ning, Tradition","potentialAction":[{"@type":"SearchAction","target":{"@type":"EntryPoint","urlTemplate":"https:\/\/www.budokampsport.se\/?s={search_term_string}"},"query-input":{"@type":"PropertyValueSpecification","valueRequired":true,"valueName":"search_term_string"}}],"inLanguage":"sv-SE"},{"@type":"Person","@id":"https:\/\/www.budokampsport.se\/#\/schema\/person\/c838cace8171f692e363fde3f38f208b","name":"Annie Carriage","image":{"@type":"ImageObject","inLanguage":"sv-SE","@id":"https:\/\/www.budokampsport.se\/#\/schema\/person\/image\/","url":"https:\/\/secure.gravatar.com\/avatar\/9311295560bdfbdf78365a26f7df1876?s=96&d=blank&r=g","contentUrl":"https:\/\/secure.gravatar.com\/avatar\/9311295560bdfbdf78365a26f7df1876?s=96&d=blank&r=g","caption":"Annie Carriage"},"url":"https:\/\/www.budokampsport.se\/author\/annie-bondefelt\/"}]}},"_links":{"self":[{"href":"https:\/\/www.budokampsport.se\/api\/wp\/v2\/posts\/81832","targetHints":{"allow":["GET"]}}],"collection":[{"href":"https:\/\/www.budokampsport.se\/api\/wp\/v2\/posts"}],"about":[{"href":"https:\/\/www.budokampsport.se\/api\/wp\/v2\/types\/post"}],"author":[{"embeddable":true,"href":"https:\/\/www.budokampsport.se\/api\/wp\/v2\/users\/120"}],"replies":[{"embeddable":true,"href":"https:\/\/www.budokampsport.se\/api\/wp\/v2\/comments?post=81832"}],"version-history":[{"count":0,"href":"https:\/\/www.budokampsport.se\/api\/wp\/v2\/posts\/81832\/revisions"}],"wp:featuredmedia":[{"embeddable":true,"href":"https:\/\/www.budokampsport.se\/api\/wp\/v2\/media\/76148"}],"wp:attachment":[{"href":"https:\/\/www.budokampsport.se\/api\/wp\/v2\/media?parent=81832"}],"wp:term":[{"taxonomy":"category","embeddable":true,"href":"https:\/\/www.budokampsport.se\/api\/wp\/v2\/categories?post=81832"},{"taxonomy":"post_tag","embeddable":true,"href":"https:\/\/www.budokampsport.se\/api\/wp\/v2\/tags?post=81832"}],"curies":[{"name":"wp","href":"https:\/\/api.w.org\/{rel}","templated":true}]}}