{"id":82217,"date":"2018-11-19T13:02:04","date_gmt":"2018-11-19T12:02:04","guid":{"rendered":"http:\/\/www.budokampsport.se\/?p=82217"},"modified":"2018-11-19T13:02:04","modified_gmt":"2018-11-19T12:02:04","slug":"18-arige-elias-fransson-ingholt-vm-debuterar","status":"publish","type":"post","link":"https:\/\/www.budokampsport.se\/2018\/11\/19\/18-arige-elias-fransson-ingholt-vm-debuterar\/","title":{"rendered":"18-\u00e5rige Elias Fransson Ingholt VM-debuterar"},"content":{"rendered":"<p><span style=\"font-size: 14pt;\">F\u00f6rra \u00e5ret tog han klivit in i det svenska landslaget och 2018 kunde inte ha b\u00f6rjat b\u00e4ttre d\u00e5 18-\u00e5rige Elias Fransson Ingholt knep U21-guldet i newasa* under den internationella t\u00e4vlingen Kodokan Open i Tyskland. P\u00e5 fredag kliver han in i sitt f\u00f6rsta VM.<br \/>\n&#8211; Att f\u00e5 m\u00f6jligheten att t\u00e4vla p\u00e5 hemma-VM \u00e4r j\u00e4tteroligt. Alla m\u00e4sterskap \u00e4r speciella i sig men att det \u00e4r i Sverige \u00e4r verkligen n\u00e5got extra, s\u00e4ger Elias till budokampsport.se<\/span><\/p>\n<p><strong>Elias kommer fr\u00e5n en idrottsintresserad familj d\u00e4r jujutsun alltid haft en speciell plats.<br \/>\n<\/strong>&#8211; Redan som liten hade jag bra f\u00f6rebilder d\u00e5 min pappa Martin Ingholt och farbror Johan Ingholt var aktiva p\u00e5 en mycket h\u00f6g niv\u00e5. Det gjorde att jag b\u00f6rjade tr\u00e4na sj\u00e4lv i tidig \u00e5lder f\u00f6r att kunna bli som dem, ber\u00e4ttar Elias.<\/p>\n<p><strong>Och Elias utveckling g\u00e5r fram\u00e5t och potentialen \u00e4r stor, och \u00e4r det n\u00e5got Elias sj\u00e4lv tycker motiverar s\u00e5 \u00e4r det just utveckling.<\/strong><br \/>\n&#8211; Det som g\u00f6r mig s\u00e5 f\u00f6rtjust i sporten \u00e4r alla olika tekniker samt taktiker och att kombinera de p\u00e5 olika s\u00e4tt f\u00f6r att uppn\u00e5 s\u00e5 bra resultat som m\u00f6jligt. K\u00e4nslan n\u00e4r man \u00f6vat och finslipat en teknik l\u00e4nge till exempel och n\u00e4r man sen lyckas g\u00f6ra den p\u00e5 n\u00e5gon som \u00e4r b\u00e4ttre \u00e4n en sj\u00e4lv &#8211; det \u00e4r fantastisk.<\/p>\n<p><strong>Nu v\u00e4ntar VM p\u00e5 hemmaplan f\u00f6r Elias och han satsar p\u00e5 att l\u00e4ra sig s\u00e5 mycket som m\u00f6jligt under de sp\u00e4nnande dagarna som kommer.<\/strong><br \/>\n&#8211; Det har varit ett v\u00e4ldigt bra \u00e5r tr\u00e4ningsm\u00e4ssigt och jag har haft en god utveckling. Jag spenderade ett g\u00e4ng veckor i USA i somras d\u00e4r jag tr\u00e4nade p\u00e5 en av de b\u00e4sta klubbarna i v\u00e4rlden vilket var en otrolig upplevelse. Det var \u00e4ven JEM f\u00f6r n\u00e5gra veckor sedan d\u00e4r jag tog mig till matchen innan bronsfinalen, s\u00e4ger Elias.<\/p>\n<p>&#8211; Under VM ska jag naturligtvis g\u00f6ra allt jag kan f\u00f6r att komma s\u00e5 l\u00e5ngt som m\u00f6jligt. Dock vill jag framf\u00f6rallt g\u00f6ra bra matcher och l\u00e4ra mig s\u00e5 mycket som m\u00f6jligt av denna otroliga introduktion till senior-m\u00e4sterskapen, avslutar Elias.<\/p>\n<p>*\u00a0<em>Ne wasa<br \/>\nEn stil d\u00e4r man alltid b\u00f6rjar st\u00e5ende och f\u00f6rs\u00f6ker hitta nedtagningar f\u00f6r att sedan f\u00f6ra en markkamp, inga slag- eller sparktekniker till\u00e5ts. Vinst kan ske genom po\u00e4ng eller olika typer av submissions och l\u00e5s.<\/em><\/p>\n<p><span style=\"font-size: 10pt;\">VM i jujutsu p\u00e5g\u00e5r mellan 23-25:e november i Baltiska Hallen, Malm\u00f6. Sverige st\u00e4ller upp med en trupp om 14 deltagare i stilarna new asa, fight och duo.<br \/>\n<\/span><span style=\"font-size: 10pt;\">Biljetter till evenemanget g\u00e5r att k\u00f6pa p\u00e5 plats,<strong> mer info finns <a href=\"http:\/\/www.jujutsu2018.se\/tickets\/\">h\u00e4r.\u00a0<\/a><\/strong><\/span><\/p>\n<p>Text: Annie Bondefelt<br \/>\nFoto: Arkivbild<\/p>\n","protected":false},"excerpt":{"rendered":"<p>F\u00f6rra \u00e5ret tog han klivit in i det svenska landslaget [&#8230;]<\/p><br>","protected":false},"author":120,"featured_media":76150,"comment_status":"open","ping_status":"open","sticky":false,"template":"","format":"standard","meta":{"_acf_changed":false,"footnotes":""},"categories":[1],"tags":[],"class_list":["post-82217","post","type-post","status-publish","format-standard","has-post-thumbnail","hentry","category-okategoriserade"],"acf":[],"yoast_head":"<!-- This site is optimized with the Yoast SEO plugin v26.8 - https:\/\/yoast.com\/product\/yoast-seo-wordpress\/ -->\n<title>18-\u00e5rige Elias Fransson Ingholt VM-debuterar - Svenska Budo &amp; Kampsportsf\u00f6rbundet<\/title>\n<meta name=\"description\" content=\"F\u00f6rra \u00e5ret tog han klivit in i det svenska landslaget och 2018 kunde inte ha b\u00f6rjat b\u00e4ttre d\u00e5 18-\u00e5rige Elias Fransson Ingholt knep U21-guldet i newasa*\" \/>\n<meta name=\"robots\" content=\"index, follow, max-snippet:-1, max-image-preview:large, max-video-preview:-1\" \/>\n<link rel=\"canonical\" href=\"https:\/\/www.budokampsport.se\/2018\/11\/19\/18-arige-elias-fransson-ingholt-vm-debuterar\/\" \/>\n<meta property=\"og:locale\" content=\"sv_SE\" \/>\n<meta property=\"og:type\" content=\"article\" \/>\n<meta property=\"og:title\" content=\"18-\u00e5rige Elias Fransson Ingholt VM-debuterar - Svenska Budo &amp; Kampsportsf\u00f6rbundet\" \/>\n<meta property=\"og:description\" content=\"F\u00f6rra \u00e5ret tog han klivit in i det svenska landslaget och 2018 kunde inte ha b\u00f6rjat b\u00e4ttre d\u00e5 18-\u00e5rige Elias Fransson Ingholt knep U21-guldet i newasa*\" \/>\n<meta property=\"og:url\" content=\"https:\/\/www.budokampsport.se\/2018\/11\/19\/18-arige-elias-fransson-ingholt-vm-debuterar\/\" \/>\n<meta property=\"og:site_name\" content=\"Svenska Budo &amp; Kampsportsf\u00f6rbundet\" \/>\n<meta property=\"article:published_time\" content=\"2018-11-19T12:02:04+00:00\" \/>\n<meta property=\"og:image\" content=\"https:\/\/www.budokampsport.se\/wp-content\/uploads\/2018\/08\/eli.jpg\" \/>\n\t<meta property=\"og:image:width\" content=\"480\" \/>\n\t<meta property=\"og:image:height\" content=\"350\" \/>\n\t<meta property=\"og:image:type\" content=\"image\/jpeg\" \/>\n<meta name=\"author\" content=\"Annie Carriage\" \/>\n<meta name=\"twitter:card\" content=\"summary_large_image\" \/>\n<meta name=\"twitter:label1\" content=\"Skriven av\" \/>\n\t<meta name=\"twitter:data1\" content=\"Annie Carriage\" \/>\n\t<meta name=\"twitter:label2\" content=\"Ber\u00e4knad l\u00e4stid\" \/>\n\t<meta name=\"twitter:data2\" content=\"2 minuter\" \/>\n<script type=\"application\/ld+json\" class=\"yoast-schema-graph\">{\"@context\":\"https:\/\/schema.org\",\"@graph\":[{\"@type\":\"Article\",\"@id\":\"https:\/\/www.budokampsport.se\/2018\/11\/19\/18-arige-elias-fransson-ingholt-vm-debuterar\/#article\",\"isPartOf\":{\"@id\":\"https:\/\/www.budokampsport.se\/2018\/11\/19\/18-arige-elias-fransson-ingholt-vm-debuterar\/\"},\"author\":{\"name\":\"Annie Carriage\",\"@id\":\"https:\/\/www.budokampsport.se\/#\/schema\/person\/c838cace8171f692e363fde3f38f208b\"},\"headline\":\"18-\u00e5rige Elias Fransson Ingholt VM-debuterar\",\"datePublished\":\"2018-11-19T12:02:04+00:00\",\"mainEntityOfPage\":{\"@id\":\"https:\/\/www.budokampsport.se\/2018\/11\/19\/18-arige-elias-fransson-ingholt-vm-debuterar\/\"},\"wordCount\":499,\"commentCount\":0,\"image\":{\"@id\":\"https:\/\/www.budokampsport.se\/2018\/11\/19\/18-arige-elias-fransson-ingholt-vm-debuterar\/#primaryimage\"},\"thumbnailUrl\":\"https:\/\/www.budokampsport.se\/wp-content\/uploads\/2018\/08\/eli.jpg\",\"inLanguage\":\"sv-SE\",\"potentialAction\":[{\"@type\":\"CommentAction\",\"name\":\"Comment\",\"target\":[\"https:\/\/www.budokampsport.se\/2018\/11\/19\/18-arige-elias-fransson-ingholt-vm-debuterar\/#respond\"]}]},{\"@type\":\"WebPage\",\"@id\":\"https:\/\/www.budokampsport.se\/2018\/11\/19\/18-arige-elias-fransson-ingholt-vm-debuterar\/\",\"url\":\"https:\/\/www.budokampsport.se\/2018\/11\/19\/18-arige-elias-fransson-ingholt-vm-debuterar\/\",\"name\":\"18-\u00e5rige Elias Fransson Ingholt VM-debuterar - Svenska Budo &amp; Kampsportsf\u00f6rbundet\",\"isPartOf\":{\"@id\":\"https:\/\/www.budokampsport.se\/#website\"},\"primaryImageOfPage\":{\"@id\":\"https:\/\/www.budokampsport.se\/2018\/11\/19\/18-arige-elias-fransson-ingholt-vm-debuterar\/#primaryimage\"},\"image\":{\"@id\":\"https:\/\/www.budokampsport.se\/2018\/11\/19\/18-arige-elias-fransson-ingholt-vm-debuterar\/#primaryimage\"},\"thumbnailUrl\":\"https:\/\/www.budokampsport.se\/wp-content\/uploads\/2018\/08\/eli.jpg\",\"datePublished\":\"2018-11-19T12:02:04+00:00\",\"author\":{\"@id\":\"https:\/\/www.budokampsport.se\/#\/schema\/person\/c838cace8171f692e363fde3f38f208b\"},\"description\":\"F\u00f6rra \u00e5ret tog han klivit in i det svenska landslaget och 2018 kunde inte ha b\u00f6rjat b\u00e4ttre d\u00e5 18-\u00e5rige Elias Fransson Ingholt knep U21-guldet i newasa*\",\"breadcrumb\":{\"@id\":\"https:\/\/www.budokampsport.se\/2018\/11\/19\/18-arige-elias-fransson-ingholt-vm-debuterar\/#breadcrumb\"},\"inLanguage\":\"sv-SE\",\"potentialAction\":[{\"@type\":\"ReadAction\",\"target\":[\"https:\/\/www.budokampsport.se\/2018\/11\/19\/18-arige-elias-fransson-ingholt-vm-debuterar\/\"]}]},{\"@type\":\"ImageObject\",\"inLanguage\":\"sv-SE\",\"@id\":\"https:\/\/www.budokampsport.se\/2018\/11\/19\/18-arige-elias-fransson-ingholt-vm-debuterar\/#primaryimage\",\"url\":\"https:\/\/www.budokampsport.se\/wp-content\/uploads\/2018\/08\/eli.jpg\",\"contentUrl\":\"https:\/\/www.budokampsport.se\/wp-content\/uploads\/2018\/08\/eli.jpg\",\"width\":480,\"height\":350},{\"@type\":\"BreadcrumbList\",\"@id\":\"https:\/\/www.budokampsport.se\/2018\/11\/19\/18-arige-elias-fransson-ingholt-vm-debuterar\/#breadcrumb\",\"itemListElement\":[{\"@type\":\"ListItem\",\"position\":1,\"name\":\"Hem\",\"item\":\"https:\/\/www.budokampsport.se\/\"},{\"@type\":\"ListItem\",\"position\":2,\"name\":\"18-\u00e5rige Elias Fransson Ingholt VM-debuterar\"}]},{\"@type\":\"WebSite\",\"@id\":\"https:\/\/www.budokampsport.se\/#website\",\"url\":\"https:\/\/www.budokampsport.se\/\",\"name\":\"Svenska Budo &amp; Kampsportsf\u00f6rbundet\",\"description\":\"T\u00e4vling, Tr\u00e4ning, Tradition\",\"potentialAction\":[{\"@type\":\"SearchAction\",\"target\":{\"@type\":\"EntryPoint\",\"urlTemplate\":\"https:\/\/www.budokampsport.se\/?s={search_term_string}\"},\"query-input\":{\"@type\":\"PropertyValueSpecification\",\"valueRequired\":true,\"valueName\":\"search_term_string\"}}],\"inLanguage\":\"sv-SE\"},{\"@type\":\"Person\",\"@id\":\"https:\/\/www.budokampsport.se\/#\/schema\/person\/c838cace8171f692e363fde3f38f208b\",\"name\":\"Annie Carriage\",\"image\":{\"@type\":\"ImageObject\",\"inLanguage\":\"sv-SE\",\"@id\":\"https:\/\/www.budokampsport.se\/#\/schema\/person\/image\/\",\"url\":\"https:\/\/secure.gravatar.com\/avatar\/9311295560bdfbdf78365a26f7df1876?s=96&d=blank&r=g\",\"contentUrl\":\"https:\/\/secure.gravatar.com\/avatar\/9311295560bdfbdf78365a26f7df1876?s=96&d=blank&r=g\",\"caption\":\"Annie Carriage\"},\"url\":\"https:\/\/www.budokampsport.se\/author\/annie-bondefelt\/\"}]}<\/script>\n<!-- \/ Yoast SEO plugin. -->","yoast_head_json":{"title":"18-\u00e5rige Elias Fransson Ingholt VM-debuterar - Svenska Budo &amp; Kampsportsf\u00f6rbundet","description":"F\u00f6rra \u00e5ret tog han klivit in i det svenska landslaget och 2018 kunde inte ha b\u00f6rjat b\u00e4ttre d\u00e5 18-\u00e5rige Elias Fransson Ingholt knep U21-guldet i newasa*","robots":{"index":"index","follow":"follow","max-snippet":"max-snippet:-1","max-image-preview":"max-image-preview:large","max-video-preview":"max-video-preview:-1"},"canonical":"https:\/\/www.budokampsport.se\/2018\/11\/19\/18-arige-elias-fransson-ingholt-vm-debuterar\/","og_locale":"sv_SE","og_type":"article","og_title":"18-\u00e5rige Elias Fransson Ingholt VM-debuterar - Svenska Budo &amp; Kampsportsf\u00f6rbundet","og_description":"F\u00f6rra \u00e5ret tog han klivit in i det svenska landslaget och 2018 kunde inte ha b\u00f6rjat b\u00e4ttre d\u00e5 18-\u00e5rige Elias Fransson Ingholt knep U21-guldet i newasa*","og_url":"https:\/\/www.budokampsport.se\/2018\/11\/19\/18-arige-elias-fransson-ingholt-vm-debuterar\/","og_site_name":"Svenska Budo &amp; Kampsportsf\u00f6rbundet","article_published_time":"2018-11-19T12:02:04+00:00","og_image":[{"width":480,"height":350,"url":"https:\/\/www.budokampsport.se\/wp-content\/uploads\/2018\/08\/eli.jpg","type":"image\/jpeg"}],"author":"Annie Carriage","twitter_card":"summary_large_image","twitter_misc":{"Skriven av":"Annie Carriage","Ber\u00e4knad l\u00e4stid":"2 minuter"},"schema":{"@context":"https:\/\/schema.org","@graph":[{"@type":"Article","@id":"https:\/\/www.budokampsport.se\/2018\/11\/19\/18-arige-elias-fransson-ingholt-vm-debuterar\/#article","isPartOf":{"@id":"https:\/\/www.budokampsport.se\/2018\/11\/19\/18-arige-elias-fransson-ingholt-vm-debuterar\/"},"author":{"name":"Annie Carriage","@id":"https:\/\/www.budokampsport.se\/#\/schema\/person\/c838cace8171f692e363fde3f38f208b"},"headline":"18-\u00e5rige Elias Fransson Ingholt VM-debuterar","datePublished":"2018-11-19T12:02:04+00:00","mainEntityOfPage":{"@id":"https:\/\/www.budokampsport.se\/2018\/11\/19\/18-arige-elias-fransson-ingholt-vm-debuterar\/"},"wordCount":499,"commentCount":0,"image":{"@id":"https:\/\/www.budokampsport.se\/2018\/11\/19\/18-arige-elias-fransson-ingholt-vm-debuterar\/#primaryimage"},"thumbnailUrl":"https:\/\/www.budokampsport.se\/wp-content\/uploads\/2018\/08\/eli.jpg","inLanguage":"sv-SE","potentialAction":[{"@type":"CommentAction","name":"Comment","target":["https:\/\/www.budokampsport.se\/2018\/11\/19\/18-arige-elias-fransson-ingholt-vm-debuterar\/#respond"]}]},{"@type":"WebPage","@id":"https:\/\/www.budokampsport.se\/2018\/11\/19\/18-arige-elias-fransson-ingholt-vm-debuterar\/","url":"https:\/\/www.budokampsport.se\/2018\/11\/19\/18-arige-elias-fransson-ingholt-vm-debuterar\/","name":"18-\u00e5rige Elias Fransson Ingholt VM-debuterar - Svenska Budo &amp; Kampsportsf\u00f6rbundet","isPartOf":{"@id":"https:\/\/www.budokampsport.se\/#website"},"primaryImageOfPage":{"@id":"https:\/\/www.budokampsport.se\/2018\/11\/19\/18-arige-elias-fransson-ingholt-vm-debuterar\/#primaryimage"},"image":{"@id":"https:\/\/www.budokampsport.se\/2018\/11\/19\/18-arige-elias-fransson-ingholt-vm-debuterar\/#primaryimage"},"thumbnailUrl":"https:\/\/www.budokampsport.se\/wp-content\/uploads\/2018\/08\/eli.jpg","datePublished":"2018-11-19T12:02:04+00:00","author":{"@id":"https:\/\/www.budokampsport.se\/#\/schema\/person\/c838cace8171f692e363fde3f38f208b"},"description":"F\u00f6rra \u00e5ret tog han klivit in i det svenska landslaget och 2018 kunde inte ha b\u00f6rjat b\u00e4ttre d\u00e5 18-\u00e5rige Elias Fransson Ingholt knep U21-guldet i newasa*","breadcrumb":{"@id":"https:\/\/www.budokampsport.se\/2018\/11\/19\/18-arige-elias-fransson-ingholt-vm-debuterar\/#breadcrumb"},"inLanguage":"sv-SE","potentialAction":[{"@type":"ReadAction","target":["https:\/\/www.budokampsport.se\/2018\/11\/19\/18-arige-elias-fransson-ingholt-vm-debuterar\/"]}]},{"@type":"ImageObject","inLanguage":"sv-SE","@id":"https:\/\/www.budokampsport.se\/2018\/11\/19\/18-arige-elias-fransson-ingholt-vm-debuterar\/#primaryimage","url":"https:\/\/www.budokampsport.se\/wp-content\/uploads\/2018\/08\/eli.jpg","contentUrl":"https:\/\/www.budokampsport.se\/wp-content\/uploads\/2018\/08\/eli.jpg","width":480,"height":350},{"@type":"BreadcrumbList","@id":"https:\/\/www.budokampsport.se\/2018\/11\/19\/18-arige-elias-fransson-ingholt-vm-debuterar\/#breadcrumb","itemListElement":[{"@type":"ListItem","position":1,"name":"Hem","item":"https:\/\/www.budokampsport.se\/"},{"@type":"ListItem","position":2,"name":"18-\u00e5rige Elias Fransson Ingholt VM-debuterar"}]},{"@type":"WebSite","@id":"https:\/\/www.budokampsport.se\/#website","url":"https:\/\/www.budokampsport.se\/","name":"Svenska Budo &amp; Kampsportsf\u00f6rbundet","description":"T\u00e4vling, Tr\u00e4ning, Tradition","potentialAction":[{"@type":"SearchAction","target":{"@type":"EntryPoint","urlTemplate":"https:\/\/www.budokampsport.se\/?s={search_term_string}"},"query-input":{"@type":"PropertyValueSpecification","valueRequired":true,"valueName":"search_term_string"}}],"inLanguage":"sv-SE"},{"@type":"Person","@id":"https:\/\/www.budokampsport.se\/#\/schema\/person\/c838cace8171f692e363fde3f38f208b","name":"Annie Carriage","image":{"@type":"ImageObject","inLanguage":"sv-SE","@id":"https:\/\/www.budokampsport.se\/#\/schema\/person\/image\/","url":"https:\/\/secure.gravatar.com\/avatar\/9311295560bdfbdf78365a26f7df1876?s=96&d=blank&r=g","contentUrl":"https:\/\/secure.gravatar.com\/avatar\/9311295560bdfbdf78365a26f7df1876?s=96&d=blank&r=g","caption":"Annie Carriage"},"url":"https:\/\/www.budokampsport.se\/author\/annie-bondefelt\/"}]}},"_links":{"self":[{"href":"https:\/\/www.budokampsport.se\/api\/wp\/v2\/posts\/82217","targetHints":{"allow":["GET"]}}],"collection":[{"href":"https:\/\/www.budokampsport.se\/api\/wp\/v2\/posts"}],"about":[{"href":"https:\/\/www.budokampsport.se\/api\/wp\/v2\/types\/post"}],"author":[{"embeddable":true,"href":"https:\/\/www.budokampsport.se\/api\/wp\/v2\/users\/120"}],"replies":[{"embeddable":true,"href":"https:\/\/www.budokampsport.se\/api\/wp\/v2\/comments?post=82217"}],"version-history":[{"count":0,"href":"https:\/\/www.budokampsport.se\/api\/wp\/v2\/posts\/82217\/revisions"}],"wp:featuredmedia":[{"embeddable":true,"href":"https:\/\/www.budokampsport.se\/api\/wp\/v2\/media\/76150"}],"wp:attachment":[{"href":"https:\/\/www.budokampsport.se\/api\/wp\/v2\/media?parent=82217"}],"wp:term":[{"taxonomy":"category","embeddable":true,"href":"https:\/\/www.budokampsport.se\/api\/wp\/v2\/categories?post=82217"},{"taxonomy":"post_tag","embeddable":true,"href":"https:\/\/www.budokampsport.se\/api\/wp\/v2\/tags?post=82217"}],"curies":[{"name":"wp","href":"https:\/\/api.w.org\/{rel}","templated":true}]}}