{"id":82245,"date":"2018-11-19T13:50:48","date_gmt":"2018-11-19T12:50:48","guid":{"rendered":"http:\/\/www.budokampsport.se\/?p=82245"},"modified":"2018-11-19T13:50:48","modified_gmt":"2018-11-19T12:50:48","slug":"folj-vm-jujutsu","status":"publish","type":"post","link":"https:\/\/www.budokampsport.se\/2018\/11\/19\/folj-vm-jujutsu\/","title":{"rendered":"F\u00f6lj VM i jujutsu"},"content":{"rendered":"<p><span style=\"font-size: 14pt;\">P\u00e5 fredag inleds VM i jujutsu i Malm\u00f6, Sverige har en trupp fylld med medaljfavoriter och nya talanger. M\u00e4sterskapet kommer livestreamas och g\u00e5r att f\u00f6lja <a href=\"http:\/\/www.jujutsu2018.se\/live-streaming\/#clip=1abhayfsxepw\">h\u00e4r.<\/a><\/span><\/p>\n<p>Foto: Arkiv<\/p>\n","protected":false},"excerpt":{"rendered":"<p>P\u00e5 fredag inleds VM i jujutsu i Malm\u00f6, Sverige har [&#8230;]<\/p><br>","protected":false},"author":120,"featured_media":76164,"comment_status":"open","ping_status":"open","sticky":false,"template":"","format":"standard","meta":{"_acf_changed":false,"footnotes":""},"categories":[1],"tags":[],"class_list":["post-82245","post","type-post","status-publish","format-standard","has-post-thumbnail","hentry","category-okategoriserade"],"acf":[],"yoast_head":"<!-- This site is optimized with the Yoast SEO plugin v26.8 - https:\/\/yoast.com\/product\/yoast-seo-wordpress\/ -->\n<title>F\u00f6lj VM i jujutsu - Svenska Budo &amp; Kampsportsf\u00f6rbundet<\/title>\n<meta name=\"description\" content=\"P\u00e5 fredag inleds VM i jujutsu i Malm\u00f6, Sverige har en trupp fylld med medaljfavoriter och nya talanger. M\u00e4sterskapet kommer livestreamas och g\u00e5r att f\u00f6lja\" \/>\n<meta name=\"robots\" content=\"index, follow, max-snippet:-1, max-image-preview:large, max-video-preview:-1\" \/>\n<link rel=\"canonical\" href=\"https:\/\/www.budokampsport.se\/2018\/11\/19\/folj-vm-jujutsu\/\" \/>\n<meta property=\"og:locale\" content=\"sv_SE\" \/>\n<meta property=\"og:type\" content=\"article\" \/>\n<meta property=\"og:title\" content=\"F\u00f6lj VM i jujutsu - Svenska Budo &amp; Kampsportsf\u00f6rbundet\" \/>\n<meta property=\"og:description\" content=\"P\u00e5 fredag inleds VM i jujutsu i Malm\u00f6, Sverige har en trupp fylld med medaljfavoriter och nya talanger. M\u00e4sterskapet kommer livestreamas och g\u00e5r att f\u00f6lja\" \/>\n<meta property=\"og:url\" content=\"https:\/\/www.budokampsport.se\/2018\/11\/19\/folj-vm-jujutsu\/\" \/>\n<meta property=\"og:site_name\" content=\"Svenska Budo &amp; Kampsportsf\u00f6rbundet\" \/>\n<meta property=\"article:published_time\" content=\"2018-11-19T12:50:48+00:00\" \/>\n<meta property=\"og:image\" content=\"https:\/\/www.budokampsport.se\/wp-content\/uploads\/2018\/08\/ju-jtusu-e1624948582867.jpg\" \/>\n\t<meta property=\"og:image:width\" content=\"850\" \/>\n\t<meta property=\"og:image:height\" content=\"534\" \/>\n\t<meta property=\"og:image:type\" content=\"image\/jpeg\" \/>\n<meta name=\"author\" content=\"Annie Carriage\" \/>\n<meta name=\"twitter:card\" content=\"summary_large_image\" \/>\n<meta name=\"twitter:label1\" content=\"Skriven av\" \/>\n\t<meta name=\"twitter:data1\" content=\"Annie Carriage\" \/>\n<script type=\"application\/ld+json\" class=\"yoast-schema-graph\">{\"@context\":\"https:\/\/schema.org\",\"@graph\":[{\"@type\":\"Article\",\"@id\":\"https:\/\/www.budokampsport.se\/2018\/11\/19\/folj-vm-jujutsu\/#article\",\"isPartOf\":{\"@id\":\"https:\/\/www.budokampsport.se\/2018\/11\/19\/folj-vm-jujutsu\/\"},\"author\":{\"name\":\"Annie Carriage\",\"@id\":\"https:\/\/www.budokampsport.se\/#\/schema\/person\/c838cace8171f692e363fde3f38f208b\"},\"headline\":\"F\u00f6lj VM i jujutsu\",\"datePublished\":\"2018-11-19T12:50:48+00:00\",\"mainEntityOfPage\":{\"@id\":\"https:\/\/www.budokampsport.se\/2018\/11\/19\/folj-vm-jujutsu\/\"},\"wordCount\":37,\"commentCount\":0,\"image\":{\"@id\":\"https:\/\/www.budokampsport.se\/2018\/11\/19\/folj-vm-jujutsu\/#primaryimage\"},\"thumbnailUrl\":\"https:\/\/www.budokampsport.se\/wp-content\/uploads\/2018\/08\/ju-jtusu-e1624948582867.jpg\",\"inLanguage\":\"sv-SE\",\"potentialAction\":[{\"@type\":\"CommentAction\",\"name\":\"Comment\",\"target\":[\"https:\/\/www.budokampsport.se\/2018\/11\/19\/folj-vm-jujutsu\/#respond\"]}]},{\"@type\":\"WebPage\",\"@id\":\"https:\/\/www.budokampsport.se\/2018\/11\/19\/folj-vm-jujutsu\/\",\"url\":\"https:\/\/www.budokampsport.se\/2018\/11\/19\/folj-vm-jujutsu\/\",\"name\":\"F\u00f6lj VM i jujutsu - Svenska Budo &amp; Kampsportsf\u00f6rbundet\",\"isPartOf\":{\"@id\":\"https:\/\/www.budokampsport.se\/#website\"},\"primaryImageOfPage\":{\"@id\":\"https:\/\/www.budokampsport.se\/2018\/11\/19\/folj-vm-jujutsu\/#primaryimage\"},\"image\":{\"@id\":\"https:\/\/www.budokampsport.se\/2018\/11\/19\/folj-vm-jujutsu\/#primaryimage\"},\"thumbnailUrl\":\"https:\/\/www.budokampsport.se\/wp-content\/uploads\/2018\/08\/ju-jtusu-e1624948582867.jpg\",\"datePublished\":\"2018-11-19T12:50:48+00:00\",\"author\":{\"@id\":\"https:\/\/www.budokampsport.se\/#\/schema\/person\/c838cace8171f692e363fde3f38f208b\"},\"description\":\"P\u00e5 fredag inleds VM i jujutsu i Malm\u00f6, Sverige har en trupp fylld med medaljfavoriter och nya talanger. M\u00e4sterskapet kommer livestreamas och g\u00e5r att f\u00f6lja\",\"breadcrumb\":{\"@id\":\"https:\/\/www.budokampsport.se\/2018\/11\/19\/folj-vm-jujutsu\/#breadcrumb\"},\"inLanguage\":\"sv-SE\",\"potentialAction\":[{\"@type\":\"ReadAction\",\"target\":[\"https:\/\/www.budokampsport.se\/2018\/11\/19\/folj-vm-jujutsu\/\"]}]},{\"@type\":\"ImageObject\",\"inLanguage\":\"sv-SE\",\"@id\":\"https:\/\/www.budokampsport.se\/2018\/11\/19\/folj-vm-jujutsu\/#primaryimage\",\"url\":\"https:\/\/www.budokampsport.se\/wp-content\/uploads\/2018\/08\/ju-jtusu-e1624948582867.jpg\",\"contentUrl\":\"https:\/\/www.budokampsport.se\/wp-content\/uploads\/2018\/08\/ju-jtusu-e1624948582867.jpg\",\"width\":850,\"height\":534},{\"@type\":\"BreadcrumbList\",\"@id\":\"https:\/\/www.budokampsport.se\/2018\/11\/19\/folj-vm-jujutsu\/#breadcrumb\",\"itemListElement\":[{\"@type\":\"ListItem\",\"position\":1,\"name\":\"Hem\",\"item\":\"https:\/\/www.budokampsport.se\/\"},{\"@type\":\"ListItem\",\"position\":2,\"name\":\"F\u00f6lj VM i jujutsu\"}]},{\"@type\":\"WebSite\",\"@id\":\"https:\/\/www.budokampsport.se\/#website\",\"url\":\"https:\/\/www.budokampsport.se\/\",\"name\":\"Svenska Budo &amp; Kampsportsf\u00f6rbundet\",\"description\":\"T\u00e4vling, Tr\u00e4ning, Tradition\",\"potentialAction\":[{\"@type\":\"SearchAction\",\"target\":{\"@type\":\"EntryPoint\",\"urlTemplate\":\"https:\/\/www.budokampsport.se\/?s={search_term_string}\"},\"query-input\":{\"@type\":\"PropertyValueSpecification\",\"valueRequired\":true,\"valueName\":\"search_term_string\"}}],\"inLanguage\":\"sv-SE\"},{\"@type\":\"Person\",\"@id\":\"https:\/\/www.budokampsport.se\/#\/schema\/person\/c838cace8171f692e363fde3f38f208b\",\"name\":\"Annie Carriage\",\"image\":{\"@type\":\"ImageObject\",\"inLanguage\":\"sv-SE\",\"@id\":\"https:\/\/www.budokampsport.se\/#\/schema\/person\/image\/\",\"url\":\"https:\/\/secure.gravatar.com\/avatar\/9311295560bdfbdf78365a26f7df1876?s=96&d=blank&r=g\",\"contentUrl\":\"https:\/\/secure.gravatar.com\/avatar\/9311295560bdfbdf78365a26f7df1876?s=96&d=blank&r=g\",\"caption\":\"Annie Carriage\"},\"url\":\"https:\/\/www.budokampsport.se\/author\/annie-bondefelt\/\"}]}<\/script>\n<!-- \/ Yoast SEO plugin. -->","yoast_head_json":{"title":"F\u00f6lj VM i jujutsu - Svenska Budo &amp; Kampsportsf\u00f6rbundet","description":"P\u00e5 fredag inleds VM i jujutsu i Malm\u00f6, Sverige har en trupp fylld med medaljfavoriter och nya talanger. M\u00e4sterskapet kommer livestreamas och g\u00e5r att f\u00f6lja","robots":{"index":"index","follow":"follow","max-snippet":"max-snippet:-1","max-image-preview":"max-image-preview:large","max-video-preview":"max-video-preview:-1"},"canonical":"https:\/\/www.budokampsport.se\/2018\/11\/19\/folj-vm-jujutsu\/","og_locale":"sv_SE","og_type":"article","og_title":"F\u00f6lj VM i jujutsu - Svenska Budo &amp; Kampsportsf\u00f6rbundet","og_description":"P\u00e5 fredag inleds VM i jujutsu i Malm\u00f6, Sverige har en trupp fylld med medaljfavoriter och nya talanger. M\u00e4sterskapet kommer livestreamas och g\u00e5r att f\u00f6lja","og_url":"https:\/\/www.budokampsport.se\/2018\/11\/19\/folj-vm-jujutsu\/","og_site_name":"Svenska Budo &amp; Kampsportsf\u00f6rbundet","article_published_time":"2018-11-19T12:50:48+00:00","og_image":[{"width":850,"height":534,"url":"https:\/\/www.budokampsport.se\/wp-content\/uploads\/2018\/08\/ju-jtusu-e1624948582867.jpg","type":"image\/jpeg"}],"author":"Annie Carriage","twitter_card":"summary_large_image","twitter_misc":{"Skriven av":"Annie Carriage"},"schema":{"@context":"https:\/\/schema.org","@graph":[{"@type":"Article","@id":"https:\/\/www.budokampsport.se\/2018\/11\/19\/folj-vm-jujutsu\/#article","isPartOf":{"@id":"https:\/\/www.budokampsport.se\/2018\/11\/19\/folj-vm-jujutsu\/"},"author":{"name":"Annie Carriage","@id":"https:\/\/www.budokampsport.se\/#\/schema\/person\/c838cace8171f692e363fde3f38f208b"},"headline":"F\u00f6lj VM i jujutsu","datePublished":"2018-11-19T12:50:48+00:00","mainEntityOfPage":{"@id":"https:\/\/www.budokampsport.se\/2018\/11\/19\/folj-vm-jujutsu\/"},"wordCount":37,"commentCount":0,"image":{"@id":"https:\/\/www.budokampsport.se\/2018\/11\/19\/folj-vm-jujutsu\/#primaryimage"},"thumbnailUrl":"https:\/\/www.budokampsport.se\/wp-content\/uploads\/2018\/08\/ju-jtusu-e1624948582867.jpg","inLanguage":"sv-SE","potentialAction":[{"@type":"CommentAction","name":"Comment","target":["https:\/\/www.budokampsport.se\/2018\/11\/19\/folj-vm-jujutsu\/#respond"]}]},{"@type":"WebPage","@id":"https:\/\/www.budokampsport.se\/2018\/11\/19\/folj-vm-jujutsu\/","url":"https:\/\/www.budokampsport.se\/2018\/11\/19\/folj-vm-jujutsu\/","name":"F\u00f6lj VM i jujutsu - Svenska Budo &amp; Kampsportsf\u00f6rbundet","isPartOf":{"@id":"https:\/\/www.budokampsport.se\/#website"},"primaryImageOfPage":{"@id":"https:\/\/www.budokampsport.se\/2018\/11\/19\/folj-vm-jujutsu\/#primaryimage"},"image":{"@id":"https:\/\/www.budokampsport.se\/2018\/11\/19\/folj-vm-jujutsu\/#primaryimage"},"thumbnailUrl":"https:\/\/www.budokampsport.se\/wp-content\/uploads\/2018\/08\/ju-jtusu-e1624948582867.jpg","datePublished":"2018-11-19T12:50:48+00:00","author":{"@id":"https:\/\/www.budokampsport.se\/#\/schema\/person\/c838cace8171f692e363fde3f38f208b"},"description":"P\u00e5 fredag inleds VM i jujutsu i Malm\u00f6, Sverige har en trupp fylld med medaljfavoriter och nya talanger. M\u00e4sterskapet kommer livestreamas och g\u00e5r att f\u00f6lja","breadcrumb":{"@id":"https:\/\/www.budokampsport.se\/2018\/11\/19\/folj-vm-jujutsu\/#breadcrumb"},"inLanguage":"sv-SE","potentialAction":[{"@type":"ReadAction","target":["https:\/\/www.budokampsport.se\/2018\/11\/19\/folj-vm-jujutsu\/"]}]},{"@type":"ImageObject","inLanguage":"sv-SE","@id":"https:\/\/www.budokampsport.se\/2018\/11\/19\/folj-vm-jujutsu\/#primaryimage","url":"https:\/\/www.budokampsport.se\/wp-content\/uploads\/2018\/08\/ju-jtusu-e1624948582867.jpg","contentUrl":"https:\/\/www.budokampsport.se\/wp-content\/uploads\/2018\/08\/ju-jtusu-e1624948582867.jpg","width":850,"height":534},{"@type":"BreadcrumbList","@id":"https:\/\/www.budokampsport.se\/2018\/11\/19\/folj-vm-jujutsu\/#breadcrumb","itemListElement":[{"@type":"ListItem","position":1,"name":"Hem","item":"https:\/\/www.budokampsport.se\/"},{"@type":"ListItem","position":2,"name":"F\u00f6lj VM i jujutsu"}]},{"@type":"WebSite","@id":"https:\/\/www.budokampsport.se\/#website","url":"https:\/\/www.budokampsport.se\/","name":"Svenska Budo &amp; Kampsportsf\u00f6rbundet","description":"T\u00e4vling, Tr\u00e4ning, Tradition","potentialAction":[{"@type":"SearchAction","target":{"@type":"EntryPoint","urlTemplate":"https:\/\/www.budokampsport.se\/?s={search_term_string}"},"query-input":{"@type":"PropertyValueSpecification","valueRequired":true,"valueName":"search_term_string"}}],"inLanguage":"sv-SE"},{"@type":"Person","@id":"https:\/\/www.budokampsport.se\/#\/schema\/person\/c838cace8171f692e363fde3f38f208b","name":"Annie Carriage","image":{"@type":"ImageObject","inLanguage":"sv-SE","@id":"https:\/\/www.budokampsport.se\/#\/schema\/person\/image\/","url":"https:\/\/secure.gravatar.com\/avatar\/9311295560bdfbdf78365a26f7df1876?s=96&d=blank&r=g","contentUrl":"https:\/\/secure.gravatar.com\/avatar\/9311295560bdfbdf78365a26f7df1876?s=96&d=blank&r=g","caption":"Annie Carriage"},"url":"https:\/\/www.budokampsport.se\/author\/annie-bondefelt\/"}]}},"_links":{"self":[{"href":"https:\/\/www.budokampsport.se\/api\/wp\/v2\/posts\/82245","targetHints":{"allow":["GET"]}}],"collection":[{"href":"https:\/\/www.budokampsport.se\/api\/wp\/v2\/posts"}],"about":[{"href":"https:\/\/www.budokampsport.se\/api\/wp\/v2\/types\/post"}],"author":[{"embeddable":true,"href":"https:\/\/www.budokampsport.se\/api\/wp\/v2\/users\/120"}],"replies":[{"embeddable":true,"href":"https:\/\/www.budokampsport.se\/api\/wp\/v2\/comments?post=82245"}],"version-history":[{"count":0,"href":"https:\/\/www.budokampsport.se\/api\/wp\/v2\/posts\/82245\/revisions"}],"wp:featuredmedia":[{"embeddable":true,"href":"https:\/\/www.budokampsport.se\/api\/wp\/v2\/media\/76164"}],"wp:attachment":[{"href":"https:\/\/www.budokampsport.se\/api\/wp\/v2\/media?parent=82245"}],"wp:term":[{"taxonomy":"category","embeddable":true,"href":"https:\/\/www.budokampsport.se\/api\/wp\/v2\/categories?post=82245"},{"taxonomy":"post_tag","embeddable":true,"href":"https:\/\/www.budokampsport.se\/api\/wp\/v2\/tags?post=82245"}],"curies":[{"name":"wp","href":"https:\/\/api.w.org\/{rel}","templated":true}]}}