{"id":83224,"date":"2018-12-04T14:10:45","date_gmt":"2018-12-04T13:10:45","guid":{"rendered":"http:\/\/www.budokampsport.se\/?p=83224"},"modified":"2018-12-04T14:10:45","modified_gmt":"2018-12-04T13:10:45","slug":"underforbundskonferens-med-tema-jamstalldhet","status":"publish","type":"post","link":"https:\/\/www.budokampsport.se\/2018\/12\/04\/underforbundskonferens-med-tema-jamstalldhet\/","title":{"rendered":"Underf\u00f6rbundskonferens med tema j\u00e4mst\u00e4lldhet"},"content":{"rendered":"<p>Helgen den 24-25\/11 tr\u00e4ffades representanter fr\u00e5n underf\u00f6rbund, distrikt, valberedningar, huvudf\u00f6rbund och kansli f\u00f6r att diskutera utifr\u00e5n strategi 2025, idrottens gemensamma vision. Fokus f\u00f6r dagen var hur vi inom organisationen arbetar med tv\u00e5 av utvecklingsresorna, <em>Inkluderande idrott f\u00f6r alla <\/em>samt <em>J\u00e4mst\u00e4lldhet f\u00f6r en framg\u00e5ngsrik idrott<\/em>.<\/p>\n<p>Huvudf\u00f6rbundsstyrelsens representanter Clara Wetzelmayr, Musse Hasselvall och Patricia Kazimierzcak h\u00f6ll i tr\u00e5darna och inledde med en inblick i nul\u00e4get.<\/p>\n<p><img loading=\"lazy\" decoding=\"async\" class=\"alignnone size-full wp-image-83226\" src=\"http:\/\/www.budokampsport.se\/wp-content\/uploads\/2018\/12\/konferens-SaraW.jpeg\" alt=\"\" width=\"4032\" height=\"3024\" \/><br \/>\nF\u00f6r att v\u00e4gleda oss genom dagen var Sara Wiggberg fr\u00e5n Riksidrottsf\u00f6rbundet (RF) inbjuden. Sara h\u00f6ll i tv\u00e5 pass, <em>Idrottens intensifierade j\u00e4mst\u00e4lldhetsarbete och inkluderingsresan &#8211; vad g\u00f6r vi? Hur kan vi arbeta f\u00f6rebyggande? <\/em>samt <em>Trygg Idrott och skapa trygga idrottsmilj\u00f6er &#8211; hur ser idrottens arbete ut och hur ser det ut inom Budo &amp; Kampsportsf\u00f6rbundet?<\/em><\/p>\n<p>Uppl\u00e4gget bj\u00f6d in till diskussion mellan deltagarna som fick arbeta aktivt med begrepp, diskutera utifr\u00e5n konkreta exempel och utbyta erfarenheter fr\u00e5n den egna idrottsvardagen.<\/p>\n<p>&#8211; <em>Mycket erfarenhetsutbyten skedde mellan organisationerna och vi kan med s\u00e4kerhet s\u00e4ga att arbetet kommer forts\u00e4tta. Vi kommer n\u00e4rmast att sammanst\u00e4lla en utv\u00e4rdering och sedan s\u00e4tta upp nya aktiviteter kopplat till dessa utvecklingsresor. Vi f\u00f6r ett bra och n\u00e4ra samarbete med RF<\/em>, s\u00e4ger Patricia Kazimierzcak.<\/p>\n<p>Text &amp; foto: Magnus Ledin<\/p>\n","protected":false},"excerpt":{"rendered":"<p>Helgen den 24-25\/11 tr\u00e4ffades representanter fr\u00e5n underf\u00f6rbund, distrikt, valberedningar, huvudf\u00f6rbund [&#8230;]<\/p><br>","protected":false},"author":120,"featured_media":83225,"comment_status":"open","ping_status":"open","sticky":false,"template":"","format":"standard","meta":{"_acf_changed":false,"footnotes":""},"categories":[1],"tags":[],"class_list":["post-83224","post","type-post","status-publish","format-standard","has-post-thumbnail","hentry","category-okategoriserade"],"acf":[],"yoast_head":"<!-- This site is optimized with the Yoast SEO plugin v26.8 - https:\/\/yoast.com\/product\/yoast-seo-wordpress\/ -->\n<title>Underf\u00f6rbundskonferens med tema j\u00e4mst\u00e4lldhet - Svenska Budo &amp; Kampsportsf\u00f6rbundet<\/title>\n<meta name=\"description\" content=\"Helgen den 24-25\/11 tr\u00e4ffades representanter fr\u00e5n underf\u00f6rbund, distrikt, valberedningar, huvudf\u00f6rbund och kansli f\u00f6r att diskutera utifr\u00e5n strategi 2025,\" \/>\n<meta name=\"robots\" content=\"index, follow, max-snippet:-1, max-image-preview:large, max-video-preview:-1\" \/>\n<link rel=\"canonical\" href=\"https:\/\/www.budokampsport.se\/2018\/12\/04\/underforbundskonferens-med-tema-jamstalldhet\/\" \/>\n<meta property=\"og:locale\" content=\"sv_SE\" \/>\n<meta property=\"og:type\" content=\"article\" \/>\n<meta property=\"og:title\" content=\"Underf\u00f6rbundskonferens med tema j\u00e4mst\u00e4lldhet - Svenska Budo &amp; Kampsportsf\u00f6rbundet\" \/>\n<meta property=\"og:description\" content=\"Helgen den 24-25\/11 tr\u00e4ffades representanter fr\u00e5n underf\u00f6rbund, distrikt, valberedningar, huvudf\u00f6rbund och kansli f\u00f6r att diskutera utifr\u00e5n strategi 2025,\" \/>\n<meta property=\"og:url\" content=\"https:\/\/www.budokampsport.se\/2018\/12\/04\/underforbundskonferens-med-tema-jamstalldhet\/\" \/>\n<meta property=\"og:site_name\" content=\"Svenska Budo &amp; Kampsportsf\u00f6rbundet\" \/>\n<meta property=\"article:published_time\" content=\"2018-12-04T13:10:45+00:00\" \/>\n<meta property=\"og:image\" content=\"https:\/\/www.budokampsport.se\/wp-content\/uploads\/2018\/12\/Konferens-Patricia-e1625210135164.jpeg\" \/>\n\t<meta property=\"og:image:width\" content=\"850\" \/>\n\t<meta property=\"og:image:height\" content=\"638\" \/>\n\t<meta property=\"og:image:type\" content=\"image\/jpeg\" \/>\n<meta name=\"author\" content=\"Annie Carriage\" \/>\n<meta name=\"twitter:card\" content=\"summary_large_image\" \/>\n<meta name=\"twitter:label1\" content=\"Skriven av\" \/>\n\t<meta name=\"twitter:data1\" content=\"Annie Carriage\" \/>\n\t<meta name=\"twitter:label2\" content=\"Ber\u00e4knad l\u00e4stid\" \/>\n\t<meta name=\"twitter:data2\" content=\"1 minut\" \/>\n<script type=\"application\/ld+json\" class=\"yoast-schema-graph\">{\"@context\":\"https:\/\/schema.org\",\"@graph\":[{\"@type\":\"Article\",\"@id\":\"https:\/\/www.budokampsport.se\/2018\/12\/04\/underforbundskonferens-med-tema-jamstalldhet\/#article\",\"isPartOf\":{\"@id\":\"https:\/\/www.budokampsport.se\/2018\/12\/04\/underforbundskonferens-med-tema-jamstalldhet\/\"},\"author\":{\"name\":\"Annie Carriage\",\"@id\":\"https:\/\/www.budokampsport.se\/#\/schema\/person\/c838cace8171f692e363fde3f38f208b\"},\"headline\":\"Underf\u00f6rbundskonferens med tema j\u00e4mst\u00e4lldhet\",\"datePublished\":\"2018-12-04T13:10:45+00:00\",\"mainEntityOfPage\":{\"@id\":\"https:\/\/www.budokampsport.se\/2018\/12\/04\/underforbundskonferens-med-tema-jamstalldhet\/\"},\"wordCount\":238,\"commentCount\":0,\"image\":{\"@id\":\"https:\/\/www.budokampsport.se\/2018\/12\/04\/underforbundskonferens-med-tema-jamstalldhet\/#primaryimage\"},\"thumbnailUrl\":\"https:\/\/www.budokampsport.se\/wp-content\/uploads\/2018\/12\/Konferens-Patricia-e1625210135164.jpeg\",\"inLanguage\":\"sv-SE\",\"potentialAction\":[{\"@type\":\"CommentAction\",\"name\":\"Comment\",\"target\":[\"https:\/\/www.budokampsport.se\/2018\/12\/04\/underforbundskonferens-med-tema-jamstalldhet\/#respond\"]}]},{\"@type\":\"WebPage\",\"@id\":\"https:\/\/www.budokampsport.se\/2018\/12\/04\/underforbundskonferens-med-tema-jamstalldhet\/\",\"url\":\"https:\/\/www.budokampsport.se\/2018\/12\/04\/underforbundskonferens-med-tema-jamstalldhet\/\",\"name\":\"Underf\u00f6rbundskonferens med tema j\u00e4mst\u00e4lldhet - Svenska Budo &amp; Kampsportsf\u00f6rbundet\",\"isPartOf\":{\"@id\":\"https:\/\/www.budokampsport.se\/#website\"},\"primaryImageOfPage\":{\"@id\":\"https:\/\/www.budokampsport.se\/2018\/12\/04\/underforbundskonferens-med-tema-jamstalldhet\/#primaryimage\"},\"image\":{\"@id\":\"https:\/\/www.budokampsport.se\/2018\/12\/04\/underforbundskonferens-med-tema-jamstalldhet\/#primaryimage\"},\"thumbnailUrl\":\"https:\/\/www.budokampsport.se\/wp-content\/uploads\/2018\/12\/Konferens-Patricia-e1625210135164.jpeg\",\"datePublished\":\"2018-12-04T13:10:45+00:00\",\"author\":{\"@id\":\"https:\/\/www.budokampsport.se\/#\/schema\/person\/c838cace8171f692e363fde3f38f208b\"},\"description\":\"Helgen den 24-25\/11 tr\u00e4ffades representanter fr\u00e5n underf\u00f6rbund, distrikt, valberedningar, huvudf\u00f6rbund och kansli f\u00f6r att diskutera utifr\u00e5n strategi 2025,\",\"breadcrumb\":{\"@id\":\"https:\/\/www.budokampsport.se\/2018\/12\/04\/underforbundskonferens-med-tema-jamstalldhet\/#breadcrumb\"},\"inLanguage\":\"sv-SE\",\"potentialAction\":[{\"@type\":\"ReadAction\",\"target\":[\"https:\/\/www.budokampsport.se\/2018\/12\/04\/underforbundskonferens-med-tema-jamstalldhet\/\"]}]},{\"@type\":\"ImageObject\",\"inLanguage\":\"sv-SE\",\"@id\":\"https:\/\/www.budokampsport.se\/2018\/12\/04\/underforbundskonferens-med-tema-jamstalldhet\/#primaryimage\",\"url\":\"https:\/\/www.budokampsport.se\/wp-content\/uploads\/2018\/12\/Konferens-Patricia-e1625210135164.jpeg\",\"contentUrl\":\"https:\/\/www.budokampsport.se\/wp-content\/uploads\/2018\/12\/Konferens-Patricia-e1625210135164.jpeg\",\"width\":850,\"height\":638},{\"@type\":\"BreadcrumbList\",\"@id\":\"https:\/\/www.budokampsport.se\/2018\/12\/04\/underforbundskonferens-med-tema-jamstalldhet\/#breadcrumb\",\"itemListElement\":[{\"@type\":\"ListItem\",\"position\":1,\"name\":\"Hem\",\"item\":\"https:\/\/www.budokampsport.se\/\"},{\"@type\":\"ListItem\",\"position\":2,\"name\":\"Underf\u00f6rbundskonferens med tema j\u00e4mst\u00e4lldhet\"}]},{\"@type\":\"WebSite\",\"@id\":\"https:\/\/www.budokampsport.se\/#website\",\"url\":\"https:\/\/www.budokampsport.se\/\",\"name\":\"Svenska Budo &amp; Kampsportsf\u00f6rbundet\",\"description\":\"T\u00e4vling, Tr\u00e4ning, Tradition\",\"potentialAction\":[{\"@type\":\"SearchAction\",\"target\":{\"@type\":\"EntryPoint\",\"urlTemplate\":\"https:\/\/www.budokampsport.se\/?s={search_term_string}\"},\"query-input\":{\"@type\":\"PropertyValueSpecification\",\"valueRequired\":true,\"valueName\":\"search_term_string\"}}],\"inLanguage\":\"sv-SE\"},{\"@type\":\"Person\",\"@id\":\"https:\/\/www.budokampsport.se\/#\/schema\/person\/c838cace8171f692e363fde3f38f208b\",\"name\":\"Annie Carriage\",\"image\":{\"@type\":\"ImageObject\",\"inLanguage\":\"sv-SE\",\"@id\":\"https:\/\/www.budokampsport.se\/#\/schema\/person\/image\/\",\"url\":\"https:\/\/secure.gravatar.com\/avatar\/9311295560bdfbdf78365a26f7df1876?s=96&d=blank&r=g\",\"contentUrl\":\"https:\/\/secure.gravatar.com\/avatar\/9311295560bdfbdf78365a26f7df1876?s=96&d=blank&r=g\",\"caption\":\"Annie Carriage\"},\"url\":\"https:\/\/www.budokampsport.se\/author\/annie-bondefelt\/\"}]}<\/script>\n<!-- \/ Yoast SEO plugin. -->","yoast_head_json":{"title":"Underf\u00f6rbundskonferens med tema j\u00e4mst\u00e4lldhet - Svenska Budo &amp; Kampsportsf\u00f6rbundet","description":"Helgen den 24-25\/11 tr\u00e4ffades representanter fr\u00e5n underf\u00f6rbund, distrikt, valberedningar, huvudf\u00f6rbund och kansli f\u00f6r att diskutera utifr\u00e5n strategi 2025,","robots":{"index":"index","follow":"follow","max-snippet":"max-snippet:-1","max-image-preview":"max-image-preview:large","max-video-preview":"max-video-preview:-1"},"canonical":"https:\/\/www.budokampsport.se\/2018\/12\/04\/underforbundskonferens-med-tema-jamstalldhet\/","og_locale":"sv_SE","og_type":"article","og_title":"Underf\u00f6rbundskonferens med tema j\u00e4mst\u00e4lldhet - Svenska Budo &amp; Kampsportsf\u00f6rbundet","og_description":"Helgen den 24-25\/11 tr\u00e4ffades representanter fr\u00e5n underf\u00f6rbund, distrikt, valberedningar, huvudf\u00f6rbund och kansli f\u00f6r att diskutera utifr\u00e5n strategi 2025,","og_url":"https:\/\/www.budokampsport.se\/2018\/12\/04\/underforbundskonferens-med-tema-jamstalldhet\/","og_site_name":"Svenska Budo &amp; Kampsportsf\u00f6rbundet","article_published_time":"2018-12-04T13:10:45+00:00","og_image":[{"width":850,"height":638,"url":"https:\/\/www.budokampsport.se\/wp-content\/uploads\/2018\/12\/Konferens-Patricia-e1625210135164.jpeg","type":"image\/jpeg"}],"author":"Annie Carriage","twitter_card":"summary_large_image","twitter_misc":{"Skriven av":"Annie Carriage","Ber\u00e4knad l\u00e4stid":"1 minut"},"schema":{"@context":"https:\/\/schema.org","@graph":[{"@type":"Article","@id":"https:\/\/www.budokampsport.se\/2018\/12\/04\/underforbundskonferens-med-tema-jamstalldhet\/#article","isPartOf":{"@id":"https:\/\/www.budokampsport.se\/2018\/12\/04\/underforbundskonferens-med-tema-jamstalldhet\/"},"author":{"name":"Annie Carriage","@id":"https:\/\/www.budokampsport.se\/#\/schema\/person\/c838cace8171f692e363fde3f38f208b"},"headline":"Underf\u00f6rbundskonferens med tema j\u00e4mst\u00e4lldhet","datePublished":"2018-12-04T13:10:45+00:00","mainEntityOfPage":{"@id":"https:\/\/www.budokampsport.se\/2018\/12\/04\/underforbundskonferens-med-tema-jamstalldhet\/"},"wordCount":238,"commentCount":0,"image":{"@id":"https:\/\/www.budokampsport.se\/2018\/12\/04\/underforbundskonferens-med-tema-jamstalldhet\/#primaryimage"},"thumbnailUrl":"https:\/\/www.budokampsport.se\/wp-content\/uploads\/2018\/12\/Konferens-Patricia-e1625210135164.jpeg","inLanguage":"sv-SE","potentialAction":[{"@type":"CommentAction","name":"Comment","target":["https:\/\/www.budokampsport.se\/2018\/12\/04\/underforbundskonferens-med-tema-jamstalldhet\/#respond"]}]},{"@type":"WebPage","@id":"https:\/\/www.budokampsport.se\/2018\/12\/04\/underforbundskonferens-med-tema-jamstalldhet\/","url":"https:\/\/www.budokampsport.se\/2018\/12\/04\/underforbundskonferens-med-tema-jamstalldhet\/","name":"Underf\u00f6rbundskonferens med tema j\u00e4mst\u00e4lldhet - Svenska Budo &amp; Kampsportsf\u00f6rbundet","isPartOf":{"@id":"https:\/\/www.budokampsport.se\/#website"},"primaryImageOfPage":{"@id":"https:\/\/www.budokampsport.se\/2018\/12\/04\/underforbundskonferens-med-tema-jamstalldhet\/#primaryimage"},"image":{"@id":"https:\/\/www.budokampsport.se\/2018\/12\/04\/underforbundskonferens-med-tema-jamstalldhet\/#primaryimage"},"thumbnailUrl":"https:\/\/www.budokampsport.se\/wp-content\/uploads\/2018\/12\/Konferens-Patricia-e1625210135164.jpeg","datePublished":"2018-12-04T13:10:45+00:00","author":{"@id":"https:\/\/www.budokampsport.se\/#\/schema\/person\/c838cace8171f692e363fde3f38f208b"},"description":"Helgen den 24-25\/11 tr\u00e4ffades representanter fr\u00e5n underf\u00f6rbund, distrikt, valberedningar, huvudf\u00f6rbund och kansli f\u00f6r att diskutera utifr\u00e5n strategi 2025,","breadcrumb":{"@id":"https:\/\/www.budokampsport.se\/2018\/12\/04\/underforbundskonferens-med-tema-jamstalldhet\/#breadcrumb"},"inLanguage":"sv-SE","potentialAction":[{"@type":"ReadAction","target":["https:\/\/www.budokampsport.se\/2018\/12\/04\/underforbundskonferens-med-tema-jamstalldhet\/"]}]},{"@type":"ImageObject","inLanguage":"sv-SE","@id":"https:\/\/www.budokampsport.se\/2018\/12\/04\/underforbundskonferens-med-tema-jamstalldhet\/#primaryimage","url":"https:\/\/www.budokampsport.se\/wp-content\/uploads\/2018\/12\/Konferens-Patricia-e1625210135164.jpeg","contentUrl":"https:\/\/www.budokampsport.se\/wp-content\/uploads\/2018\/12\/Konferens-Patricia-e1625210135164.jpeg","width":850,"height":638},{"@type":"BreadcrumbList","@id":"https:\/\/www.budokampsport.se\/2018\/12\/04\/underforbundskonferens-med-tema-jamstalldhet\/#breadcrumb","itemListElement":[{"@type":"ListItem","position":1,"name":"Hem","item":"https:\/\/www.budokampsport.se\/"},{"@type":"ListItem","position":2,"name":"Underf\u00f6rbundskonferens med tema j\u00e4mst\u00e4lldhet"}]},{"@type":"WebSite","@id":"https:\/\/www.budokampsport.se\/#website","url":"https:\/\/www.budokampsport.se\/","name":"Svenska Budo &amp; Kampsportsf\u00f6rbundet","description":"T\u00e4vling, Tr\u00e4ning, Tradition","potentialAction":[{"@type":"SearchAction","target":{"@type":"EntryPoint","urlTemplate":"https:\/\/www.budokampsport.se\/?s={search_term_string}"},"query-input":{"@type":"PropertyValueSpecification","valueRequired":true,"valueName":"search_term_string"}}],"inLanguage":"sv-SE"},{"@type":"Person","@id":"https:\/\/www.budokampsport.se\/#\/schema\/person\/c838cace8171f692e363fde3f38f208b","name":"Annie Carriage","image":{"@type":"ImageObject","inLanguage":"sv-SE","@id":"https:\/\/www.budokampsport.se\/#\/schema\/person\/image\/","url":"https:\/\/secure.gravatar.com\/avatar\/9311295560bdfbdf78365a26f7df1876?s=96&d=blank&r=g","contentUrl":"https:\/\/secure.gravatar.com\/avatar\/9311295560bdfbdf78365a26f7df1876?s=96&d=blank&r=g","caption":"Annie Carriage"},"url":"https:\/\/www.budokampsport.se\/author\/annie-bondefelt\/"}]}},"_links":{"self":[{"href":"https:\/\/www.budokampsport.se\/api\/wp\/v2\/posts\/83224","targetHints":{"allow":["GET"]}}],"collection":[{"href":"https:\/\/www.budokampsport.se\/api\/wp\/v2\/posts"}],"about":[{"href":"https:\/\/www.budokampsport.se\/api\/wp\/v2\/types\/post"}],"author":[{"embeddable":true,"href":"https:\/\/www.budokampsport.se\/api\/wp\/v2\/users\/120"}],"replies":[{"embeddable":true,"href":"https:\/\/www.budokampsport.se\/api\/wp\/v2\/comments?post=83224"}],"version-history":[{"count":0,"href":"https:\/\/www.budokampsport.se\/api\/wp\/v2\/posts\/83224\/revisions"}],"wp:featuredmedia":[{"embeddable":true,"href":"https:\/\/www.budokampsport.se\/api\/wp\/v2\/media\/83225"}],"wp:attachment":[{"href":"https:\/\/www.budokampsport.se\/api\/wp\/v2\/media?parent=83224"}],"wp:term":[{"taxonomy":"category","embeddable":true,"href":"https:\/\/www.budokampsport.se\/api\/wp\/v2\/categories?post=83224"},{"taxonomy":"post_tag","embeddable":true,"href":"https:\/\/www.budokampsport.se\/api\/wp\/v2\/tags?post=83224"}],"curies":[{"name":"wp","href":"https:\/\/api.w.org\/{rel}","templated":true}]}}