{"id":84251,"date":"2018-12-11T11:58:21","date_gmt":"2018-12-11T10:58:21","guid":{"rendered":"http:\/\/www.budokampsport.se\/?p=84251"},"modified":"2018-12-11T12:12:43","modified_gmt":"2018-12-11T11:12:43","slug":"sbk-lanserar-nyhetsbrev","status":"publish","type":"post","link":"https:\/\/www.budokampsport.se\/2018\/12\/11\/sbk-lanserar-nyhetsbrev\/","title":{"rendered":"SB&#038;K lanserar nyhetsbrev"},"content":{"rendered":"<p><span style=\"font-size: 14pt;\">Nyhetsbrevet kommer att rikta sig till f\u00f6reningsledare, aktiva inom v\u00e5ra underf\u00f6rbund och enskilda medlemmar. V\u00e5r f\u00f6rhoppning \u00e4r att n\u00e5 ut bredare med aktuell information som kan underl\u00e4tta b\u00e5de planering och administration men ocks\u00e5 ge alla v\u00e5ra medlemmar relevanta uppdateringar.<\/span><\/p>\n<p>I det f\u00f6rsta nyhetsbrevet som gick ut den 5:e december g\u00e5r det bland annat att l\u00e4sa om hur man nominerar till styrelsen 2019, information kring kommande utskick om medlemsr\u00e4kningar, LOK-st\u00f6d med mera. F\u00f6r att ta del av nyhetsbrevet klicka <em><a href=\"https:\/\/mailchi.mp\/budo\/sbk-startar-nyhetsbrev\"><strong>h\u00e4r.\u00a0<\/strong><\/a><\/em><br \/>\nVill du anm\u00e4la dig till framtida nyhetsbrev g\u00f6r det <a href=\"http:\/\/eepurl.com\/gaTdtP\">h\u00e4r.<\/a><\/p>\n<p>Text: Annie Bondefelt<br \/>\nFoto: Arkivbild\/Foto: Johan Bjarnestad<\/p>\n","protected":false},"excerpt":{"rendered":"<p>Nyhetsbrevet kommer att rikta sig till f\u00f6reningsledare, aktiva inom v\u00e5ra [&#8230;]<\/p><br>","protected":false},"author":120,"featured_media":72136,"comment_status":"open","ping_status":"open","sticky":false,"template":"","format":"standard","meta":{"_acf_changed":false,"footnotes":""},"categories":[1],"tags":[],"class_list":["post-84251","post","type-post","status-publish","format-standard","has-post-thumbnail","hentry","category-okategoriserade"],"acf":[],"yoast_head":"<!-- This site is optimized with the Yoast SEO plugin v26.8 - https:\/\/yoast.com\/product\/yoast-seo-wordpress\/ -->\n<title>SB&amp;K lanserar nyhetsbrev - Svenska Budo &amp; Kampsportsf\u00f6rbundet<\/title>\n<meta name=\"description\" content=\"Nyhetsbrevet kommer att rikta sig till f\u00f6reningsledare, aktiva inom v\u00e5ra underf\u00f6rbund och enskilda medlemmar. V\u00e5r f\u00f6rhoppning \u00e4r att n\u00e5 ut bredare med\" \/>\n<meta name=\"robots\" content=\"index, follow, max-snippet:-1, max-image-preview:large, max-video-preview:-1\" \/>\n<link rel=\"canonical\" href=\"https:\/\/www.budokampsport.se\/2018\/12\/11\/sbk-lanserar-nyhetsbrev\/\" \/>\n<meta property=\"og:locale\" content=\"sv_SE\" \/>\n<meta property=\"og:type\" content=\"article\" \/>\n<meta property=\"og:title\" content=\"SB&amp;K lanserar nyhetsbrev - Svenska Budo &amp; Kampsportsf\u00f6rbundet\" \/>\n<meta property=\"og:description\" content=\"Nyhetsbrevet kommer att rikta sig till f\u00f6reningsledare, aktiva inom v\u00e5ra underf\u00f6rbund och enskilda medlemmar. V\u00e5r f\u00f6rhoppning \u00e4r att n\u00e5 ut bredare med\" \/>\n<meta property=\"og:url\" content=\"https:\/\/www.budokampsport.se\/2018\/12\/11\/sbk-lanserar-nyhetsbrev\/\" \/>\n<meta property=\"og:site_name\" content=\"Svenska Budo &amp; Kampsportsf\u00f6rbundet\" \/>\n<meta property=\"article:published_time\" content=\"2018-12-11T10:58:21+00:00\" \/>\n<meta property=\"article:modified_time\" content=\"2018-12-11T11:12:43+00:00\" \/>\n<meta property=\"og:image\" content=\"https:\/\/www.budokampsport.se\/wp-content\/uploads\/2018\/05\/mattias-jonsson.jpg\" \/>\n\t<meta property=\"og:image:width\" content=\"717\" \/>\n\t<meta property=\"og:image:height\" content=\"544\" \/>\n\t<meta property=\"og:image:type\" content=\"image\/jpeg\" \/>\n<meta name=\"author\" content=\"Annie Carriage\" \/>\n<meta name=\"twitter:card\" content=\"summary_large_image\" \/>\n<meta name=\"twitter:label1\" content=\"Skriven av\" \/>\n\t<meta name=\"twitter:data1\" content=\"Annie Carriage\" \/>\n\t<meta name=\"twitter:label2\" content=\"Ber\u00e4knad l\u00e4stid\" \/>\n\t<meta name=\"twitter:data2\" content=\"1 minut\" \/>\n<script type=\"application\/ld+json\" class=\"yoast-schema-graph\">{\"@context\":\"https:\/\/schema.org\",\"@graph\":[{\"@type\":\"Article\",\"@id\":\"https:\/\/www.budokampsport.se\/2018\/12\/11\/sbk-lanserar-nyhetsbrev\/#article\",\"isPartOf\":{\"@id\":\"https:\/\/www.budokampsport.se\/2018\/12\/11\/sbk-lanserar-nyhetsbrev\/\"},\"author\":{\"name\":\"Annie Carriage\",\"@id\":\"https:\/\/www.budokampsport.se\/#\/schema\/person\/c838cace8171f692e363fde3f38f208b\"},\"headline\":\"SB&#038;K lanserar nyhetsbrev\",\"datePublished\":\"2018-12-11T10:58:21+00:00\",\"dateModified\":\"2018-12-11T11:12:43+00:00\",\"mainEntityOfPage\":{\"@id\":\"https:\/\/www.budokampsport.se\/2018\/12\/11\/sbk-lanserar-nyhetsbrev\/\"},\"wordCount\":118,\"commentCount\":0,\"image\":{\"@id\":\"https:\/\/www.budokampsport.se\/2018\/12\/11\/sbk-lanserar-nyhetsbrev\/#primaryimage\"},\"thumbnailUrl\":\"https:\/\/www.budokampsport.se\/wp-content\/uploads\/2018\/05\/mattias-jonsson.jpg\",\"inLanguage\":\"sv-SE\",\"potentialAction\":[{\"@type\":\"CommentAction\",\"name\":\"Comment\",\"target\":[\"https:\/\/www.budokampsport.se\/2018\/12\/11\/sbk-lanserar-nyhetsbrev\/#respond\"]}]},{\"@type\":\"WebPage\",\"@id\":\"https:\/\/www.budokampsport.se\/2018\/12\/11\/sbk-lanserar-nyhetsbrev\/\",\"url\":\"https:\/\/www.budokampsport.se\/2018\/12\/11\/sbk-lanserar-nyhetsbrev\/\",\"name\":\"SB&K lanserar nyhetsbrev - Svenska Budo &amp; Kampsportsf\u00f6rbundet\",\"isPartOf\":{\"@id\":\"https:\/\/www.budokampsport.se\/#website\"},\"primaryImageOfPage\":{\"@id\":\"https:\/\/www.budokampsport.se\/2018\/12\/11\/sbk-lanserar-nyhetsbrev\/#primaryimage\"},\"image\":{\"@id\":\"https:\/\/www.budokampsport.se\/2018\/12\/11\/sbk-lanserar-nyhetsbrev\/#primaryimage\"},\"thumbnailUrl\":\"https:\/\/www.budokampsport.se\/wp-content\/uploads\/2018\/05\/mattias-jonsson.jpg\",\"datePublished\":\"2018-12-11T10:58:21+00:00\",\"dateModified\":\"2018-12-11T11:12:43+00:00\",\"author\":{\"@id\":\"https:\/\/www.budokampsport.se\/#\/schema\/person\/c838cace8171f692e363fde3f38f208b\"},\"description\":\"Nyhetsbrevet kommer att rikta sig till f\u00f6reningsledare, aktiva inom v\u00e5ra underf\u00f6rbund och enskilda medlemmar. V\u00e5r f\u00f6rhoppning \u00e4r att n\u00e5 ut bredare med\",\"breadcrumb\":{\"@id\":\"https:\/\/www.budokampsport.se\/2018\/12\/11\/sbk-lanserar-nyhetsbrev\/#breadcrumb\"},\"inLanguage\":\"sv-SE\",\"potentialAction\":[{\"@type\":\"ReadAction\",\"target\":[\"https:\/\/www.budokampsport.se\/2018\/12\/11\/sbk-lanserar-nyhetsbrev\/\"]}]},{\"@type\":\"ImageObject\",\"inLanguage\":\"sv-SE\",\"@id\":\"https:\/\/www.budokampsport.se\/2018\/12\/11\/sbk-lanserar-nyhetsbrev\/#primaryimage\",\"url\":\"https:\/\/www.budokampsport.se\/wp-content\/uploads\/2018\/05\/mattias-jonsson.jpg\",\"contentUrl\":\"https:\/\/www.budokampsport.se\/wp-content\/uploads\/2018\/05\/mattias-jonsson.jpg\",\"width\":717,\"height\":544,\"caption\":\"Foto: Johan Bjarnestad\"},{\"@type\":\"BreadcrumbList\",\"@id\":\"https:\/\/www.budokampsport.se\/2018\/12\/11\/sbk-lanserar-nyhetsbrev\/#breadcrumb\",\"itemListElement\":[{\"@type\":\"ListItem\",\"position\":1,\"name\":\"Hem\",\"item\":\"https:\/\/www.budokampsport.se\/\"},{\"@type\":\"ListItem\",\"position\":2,\"name\":\"SB&#038;K lanserar nyhetsbrev\"}]},{\"@type\":\"WebSite\",\"@id\":\"https:\/\/www.budokampsport.se\/#website\",\"url\":\"https:\/\/www.budokampsport.se\/\",\"name\":\"Svenska Budo &amp; Kampsportsf\u00f6rbundet\",\"description\":\"T\u00e4vling, Tr\u00e4ning, Tradition\",\"potentialAction\":[{\"@type\":\"SearchAction\",\"target\":{\"@type\":\"EntryPoint\",\"urlTemplate\":\"https:\/\/www.budokampsport.se\/?s={search_term_string}\"},\"query-input\":{\"@type\":\"PropertyValueSpecification\",\"valueRequired\":true,\"valueName\":\"search_term_string\"}}],\"inLanguage\":\"sv-SE\"},{\"@type\":\"Person\",\"@id\":\"https:\/\/www.budokampsport.se\/#\/schema\/person\/c838cace8171f692e363fde3f38f208b\",\"name\":\"Annie Carriage\",\"image\":{\"@type\":\"ImageObject\",\"inLanguage\":\"sv-SE\",\"@id\":\"https:\/\/www.budokampsport.se\/#\/schema\/person\/image\/\",\"url\":\"https:\/\/secure.gravatar.com\/avatar\/9311295560bdfbdf78365a26f7df1876?s=96&d=blank&r=g\",\"contentUrl\":\"https:\/\/secure.gravatar.com\/avatar\/9311295560bdfbdf78365a26f7df1876?s=96&d=blank&r=g\",\"caption\":\"Annie Carriage\"},\"url\":\"https:\/\/www.budokampsport.se\/author\/annie-bondefelt\/\"}]}<\/script>\n<!-- \/ Yoast SEO plugin. -->","yoast_head_json":{"title":"SB&K lanserar nyhetsbrev - Svenska Budo &amp; Kampsportsf\u00f6rbundet","description":"Nyhetsbrevet kommer att rikta sig till f\u00f6reningsledare, aktiva inom v\u00e5ra underf\u00f6rbund och enskilda medlemmar. V\u00e5r f\u00f6rhoppning \u00e4r att n\u00e5 ut bredare med","robots":{"index":"index","follow":"follow","max-snippet":"max-snippet:-1","max-image-preview":"max-image-preview:large","max-video-preview":"max-video-preview:-1"},"canonical":"https:\/\/www.budokampsport.se\/2018\/12\/11\/sbk-lanserar-nyhetsbrev\/","og_locale":"sv_SE","og_type":"article","og_title":"SB&K lanserar nyhetsbrev - Svenska Budo &amp; Kampsportsf\u00f6rbundet","og_description":"Nyhetsbrevet kommer att rikta sig till f\u00f6reningsledare, aktiva inom v\u00e5ra underf\u00f6rbund och enskilda medlemmar. V\u00e5r f\u00f6rhoppning \u00e4r att n\u00e5 ut bredare med","og_url":"https:\/\/www.budokampsport.se\/2018\/12\/11\/sbk-lanserar-nyhetsbrev\/","og_site_name":"Svenska Budo &amp; Kampsportsf\u00f6rbundet","article_published_time":"2018-12-11T10:58:21+00:00","article_modified_time":"2018-12-11T11:12:43+00:00","og_image":[{"width":717,"height":544,"url":"https:\/\/www.budokampsport.se\/wp-content\/uploads\/2018\/05\/mattias-jonsson.jpg","type":"image\/jpeg"}],"author":"Annie Carriage","twitter_card":"summary_large_image","twitter_misc":{"Skriven av":"Annie Carriage","Ber\u00e4knad l\u00e4stid":"1 minut"},"schema":{"@context":"https:\/\/schema.org","@graph":[{"@type":"Article","@id":"https:\/\/www.budokampsport.se\/2018\/12\/11\/sbk-lanserar-nyhetsbrev\/#article","isPartOf":{"@id":"https:\/\/www.budokampsport.se\/2018\/12\/11\/sbk-lanserar-nyhetsbrev\/"},"author":{"name":"Annie Carriage","@id":"https:\/\/www.budokampsport.se\/#\/schema\/person\/c838cace8171f692e363fde3f38f208b"},"headline":"SB&#038;K lanserar nyhetsbrev","datePublished":"2018-12-11T10:58:21+00:00","dateModified":"2018-12-11T11:12:43+00:00","mainEntityOfPage":{"@id":"https:\/\/www.budokampsport.se\/2018\/12\/11\/sbk-lanserar-nyhetsbrev\/"},"wordCount":118,"commentCount":0,"image":{"@id":"https:\/\/www.budokampsport.se\/2018\/12\/11\/sbk-lanserar-nyhetsbrev\/#primaryimage"},"thumbnailUrl":"https:\/\/www.budokampsport.se\/wp-content\/uploads\/2018\/05\/mattias-jonsson.jpg","inLanguage":"sv-SE","potentialAction":[{"@type":"CommentAction","name":"Comment","target":["https:\/\/www.budokampsport.se\/2018\/12\/11\/sbk-lanserar-nyhetsbrev\/#respond"]}]},{"@type":"WebPage","@id":"https:\/\/www.budokampsport.se\/2018\/12\/11\/sbk-lanserar-nyhetsbrev\/","url":"https:\/\/www.budokampsport.se\/2018\/12\/11\/sbk-lanserar-nyhetsbrev\/","name":"SB&K lanserar nyhetsbrev - Svenska Budo &amp; Kampsportsf\u00f6rbundet","isPartOf":{"@id":"https:\/\/www.budokampsport.se\/#website"},"primaryImageOfPage":{"@id":"https:\/\/www.budokampsport.se\/2018\/12\/11\/sbk-lanserar-nyhetsbrev\/#primaryimage"},"image":{"@id":"https:\/\/www.budokampsport.se\/2018\/12\/11\/sbk-lanserar-nyhetsbrev\/#primaryimage"},"thumbnailUrl":"https:\/\/www.budokampsport.se\/wp-content\/uploads\/2018\/05\/mattias-jonsson.jpg","datePublished":"2018-12-11T10:58:21+00:00","dateModified":"2018-12-11T11:12:43+00:00","author":{"@id":"https:\/\/www.budokampsport.se\/#\/schema\/person\/c838cace8171f692e363fde3f38f208b"},"description":"Nyhetsbrevet kommer att rikta sig till f\u00f6reningsledare, aktiva inom v\u00e5ra underf\u00f6rbund och enskilda medlemmar. V\u00e5r f\u00f6rhoppning \u00e4r att n\u00e5 ut bredare med","breadcrumb":{"@id":"https:\/\/www.budokampsport.se\/2018\/12\/11\/sbk-lanserar-nyhetsbrev\/#breadcrumb"},"inLanguage":"sv-SE","potentialAction":[{"@type":"ReadAction","target":["https:\/\/www.budokampsport.se\/2018\/12\/11\/sbk-lanserar-nyhetsbrev\/"]}]},{"@type":"ImageObject","inLanguage":"sv-SE","@id":"https:\/\/www.budokampsport.se\/2018\/12\/11\/sbk-lanserar-nyhetsbrev\/#primaryimage","url":"https:\/\/www.budokampsport.se\/wp-content\/uploads\/2018\/05\/mattias-jonsson.jpg","contentUrl":"https:\/\/www.budokampsport.se\/wp-content\/uploads\/2018\/05\/mattias-jonsson.jpg","width":717,"height":544,"caption":"Foto: Johan Bjarnestad"},{"@type":"BreadcrumbList","@id":"https:\/\/www.budokampsport.se\/2018\/12\/11\/sbk-lanserar-nyhetsbrev\/#breadcrumb","itemListElement":[{"@type":"ListItem","position":1,"name":"Hem","item":"https:\/\/www.budokampsport.se\/"},{"@type":"ListItem","position":2,"name":"SB&#038;K lanserar nyhetsbrev"}]},{"@type":"WebSite","@id":"https:\/\/www.budokampsport.se\/#website","url":"https:\/\/www.budokampsport.se\/","name":"Svenska Budo &amp; Kampsportsf\u00f6rbundet","description":"T\u00e4vling, Tr\u00e4ning, Tradition","potentialAction":[{"@type":"SearchAction","target":{"@type":"EntryPoint","urlTemplate":"https:\/\/www.budokampsport.se\/?s={search_term_string}"},"query-input":{"@type":"PropertyValueSpecification","valueRequired":true,"valueName":"search_term_string"}}],"inLanguage":"sv-SE"},{"@type":"Person","@id":"https:\/\/www.budokampsport.se\/#\/schema\/person\/c838cace8171f692e363fde3f38f208b","name":"Annie Carriage","image":{"@type":"ImageObject","inLanguage":"sv-SE","@id":"https:\/\/www.budokampsport.se\/#\/schema\/person\/image\/","url":"https:\/\/secure.gravatar.com\/avatar\/9311295560bdfbdf78365a26f7df1876?s=96&d=blank&r=g","contentUrl":"https:\/\/secure.gravatar.com\/avatar\/9311295560bdfbdf78365a26f7df1876?s=96&d=blank&r=g","caption":"Annie Carriage"},"url":"https:\/\/www.budokampsport.se\/author\/annie-bondefelt\/"}]}},"_links":{"self":[{"href":"https:\/\/www.budokampsport.se\/api\/wp\/v2\/posts\/84251","targetHints":{"allow":["GET"]}}],"collection":[{"href":"https:\/\/www.budokampsport.se\/api\/wp\/v2\/posts"}],"about":[{"href":"https:\/\/www.budokampsport.se\/api\/wp\/v2\/types\/post"}],"author":[{"embeddable":true,"href":"https:\/\/www.budokampsport.se\/api\/wp\/v2\/users\/120"}],"replies":[{"embeddable":true,"href":"https:\/\/www.budokampsport.se\/api\/wp\/v2\/comments?post=84251"}],"version-history":[{"count":0,"href":"https:\/\/www.budokampsport.se\/api\/wp\/v2\/posts\/84251\/revisions"}],"wp:featuredmedia":[{"embeddable":true,"href":"https:\/\/www.budokampsport.se\/api\/wp\/v2\/media\/72136"}],"wp:attachment":[{"href":"https:\/\/www.budokampsport.se\/api\/wp\/v2\/media?parent=84251"}],"wp:term":[{"taxonomy":"category","embeddable":true,"href":"https:\/\/www.budokampsport.se\/api\/wp\/v2\/categories?post=84251"},{"taxonomy":"post_tag","embeddable":true,"href":"https:\/\/www.budokampsport.se\/api\/wp\/v2\/tags?post=84251"}],"curies":[{"name":"wp","href":"https:\/\/api.w.org\/{rel}","templated":true}]}}