{"id":89018,"date":"2019-01-21T12:56:59","date_gmt":"2019-01-21T11:56:59","guid":{"rendered":"http:\/\/www.budokampsport.se\/?p=89018"},"modified":"2019-01-21T12:56:59","modified_gmt":"2019-01-21T11:56:59","slug":"zebaztian-kadestam-nominerad-till-unt-guldet","status":"publish","type":"post","link":"https:\/\/www.budokampsport.se\/2019\/01\/21\/zebaztian-kadestam-nominerad-till-unt-guldet\/","title":{"rendered":"Zebaztian Kadestam nominerad till UNT-guldet"},"content":{"rendered":"<p><span style=\"font-size: 14pt;\">UNT-guldet har delats ut sen 1951 och MMA-fajtern Zebaztian Kadestam \u00e4r en av de nominerade f\u00f6r 2018. Zebaztian \u00e4r nominerad f\u00f6r sin bedrift att bli den f\u00f6rste svensk att ta en titel i en av v\u00e4rldens st\u00f6rsta MMA-organisationer One FC. B\u00e4ltet i weltervikt tog han d\u00e5 han besegrade amerikanaren Tyler McGuire i Jakarta i h\u00f6stas.<\/span><\/p>\n<p>Vinnaren av UNT-guldet utses av en jury d\u00e4r UNT:s l\u00e4sare har en egen r\u00f6st, l\u00e4gg din r\u00f6st <a href=\"https:\/\/www.unt.se\/sport\/de-kan-vinna-unt-guldet-5176983.aspx\">h\u00e4r.<\/a><\/p>\n<p>Text: Annie Bondefelt<br \/>\nFoto:\u00a0Foto: Hamid Ershad Sarabi (orginal)<\/p>\n","protected":false},"excerpt":{"rendered":"<p>UNT-guldet har delats ut sen 1951 och MMA-fajtern Zebaztian Kadestam [&#8230;]<\/p><br>","protected":false},"author":120,"featured_media":90103,"comment_status":"open","ping_status":"open","sticky":false,"template":"","format":"standard","meta":{"_acf_changed":false,"footnotes":""},"categories":[1],"tags":[],"class_list":["post-89018","post","type-post","status-publish","format-standard","has-post-thumbnail","hentry","category-okategoriserade"],"acf":[],"yoast_head":"<!-- This site is optimized with the Yoast SEO plugin v26.8 - https:\/\/yoast.com\/product\/yoast-seo-wordpress\/ -->\n<title>Zebaztian Kadestam nominerad till UNT-guldet - Svenska Budo &amp; Kampsportsf\u00f6rbundet<\/title>\n<meta name=\"description\" content=\"UNT-guldet har delats ut sen 1951 och MMA-fajtern Zebaztian Kadestam \u00e4r en av de nominerade f\u00f6r 2018. Zebaztian \u00e4r nominerad f\u00f6r sin bedrift att bli den\" \/>\n<meta name=\"robots\" content=\"index, follow, max-snippet:-1, max-image-preview:large, max-video-preview:-1\" \/>\n<link rel=\"canonical\" href=\"https:\/\/www.budokampsport.se\/2019\/01\/21\/zebaztian-kadestam-nominerad-till-unt-guldet\/\" \/>\n<meta property=\"og:locale\" content=\"sv_SE\" \/>\n<meta property=\"og:type\" content=\"article\" \/>\n<meta property=\"og:title\" content=\"Zebaztian Kadestam nominerad till UNT-guldet - Svenska Budo &amp; Kampsportsf\u00f6rbundet\" \/>\n<meta property=\"og:description\" content=\"UNT-guldet har delats ut sen 1951 och MMA-fajtern Zebaztian Kadestam \u00e4r en av de nominerade f\u00f6r 2018. Zebaztian \u00e4r nominerad f\u00f6r sin bedrift att bli den\" \/>\n<meta property=\"og:url\" content=\"https:\/\/www.budokampsport.se\/2019\/01\/21\/zebaztian-kadestam-nominerad-till-unt-guldet\/\" \/>\n<meta property=\"og:site_name\" content=\"Svenska Budo &amp; Kampsportsf\u00f6rbundet\" \/>\n<meta property=\"article:published_time\" content=\"2019-01-21T11:56:59+00:00\" \/>\n<meta property=\"og:image\" content=\"https:\/\/www.budokampsport.se\/wp-content\/uploads\/2019\/01\/ee.jpg\" \/>\n\t<meta property=\"og:image:width\" content=\"850\" \/>\n\t<meta property=\"og:image:height\" content=\"567\" \/>\n\t<meta property=\"og:image:type\" content=\"image\/jpeg\" \/>\n<meta name=\"author\" content=\"Annie Carriage\" \/>\n<meta name=\"twitter:card\" content=\"summary_large_image\" \/>\n<meta name=\"twitter:label1\" content=\"Skriven av\" \/>\n\t<meta name=\"twitter:data1\" content=\"Annie Carriage\" \/>\n<script type=\"application\/ld+json\" class=\"yoast-schema-graph\">{\"@context\":\"https:\/\/schema.org\",\"@graph\":[{\"@type\":\"Article\",\"@id\":\"https:\/\/www.budokampsport.se\/2019\/01\/21\/zebaztian-kadestam-nominerad-till-unt-guldet\/#article\",\"isPartOf\":{\"@id\":\"https:\/\/www.budokampsport.se\/2019\/01\/21\/zebaztian-kadestam-nominerad-till-unt-guldet\/\"},\"author\":{\"name\":\"Annie Carriage\",\"@id\":\"https:\/\/www.budokampsport.se\/#\/schema\/person\/c838cace8171f692e363fde3f38f208b\"},\"headline\":\"Zebaztian Kadestam nominerad till UNT-guldet\",\"datePublished\":\"2019-01-21T11:56:59+00:00\",\"mainEntityOfPage\":{\"@id\":\"https:\/\/www.budokampsport.se\/2019\/01\/21\/zebaztian-kadestam-nominerad-till-unt-guldet\/\"},\"wordCount\":99,\"commentCount\":0,\"image\":{\"@id\":\"https:\/\/www.budokampsport.se\/2019\/01\/21\/zebaztian-kadestam-nominerad-till-unt-guldet\/#primaryimage\"},\"thumbnailUrl\":\"https:\/\/www.budokampsport.se\/wp-content\/uploads\/2019\/01\/ee.jpg\",\"inLanguage\":\"sv-SE\",\"potentialAction\":[{\"@type\":\"CommentAction\",\"name\":\"Comment\",\"target\":[\"https:\/\/www.budokampsport.se\/2019\/01\/21\/zebaztian-kadestam-nominerad-till-unt-guldet\/#respond\"]}]},{\"@type\":\"WebPage\",\"@id\":\"https:\/\/www.budokampsport.se\/2019\/01\/21\/zebaztian-kadestam-nominerad-till-unt-guldet\/\",\"url\":\"https:\/\/www.budokampsport.se\/2019\/01\/21\/zebaztian-kadestam-nominerad-till-unt-guldet\/\",\"name\":\"Zebaztian Kadestam nominerad till UNT-guldet - Svenska Budo &amp; Kampsportsf\u00f6rbundet\",\"isPartOf\":{\"@id\":\"https:\/\/www.budokampsport.se\/#website\"},\"primaryImageOfPage\":{\"@id\":\"https:\/\/www.budokampsport.se\/2019\/01\/21\/zebaztian-kadestam-nominerad-till-unt-guldet\/#primaryimage\"},\"image\":{\"@id\":\"https:\/\/www.budokampsport.se\/2019\/01\/21\/zebaztian-kadestam-nominerad-till-unt-guldet\/#primaryimage\"},\"thumbnailUrl\":\"https:\/\/www.budokampsport.se\/wp-content\/uploads\/2019\/01\/ee.jpg\",\"datePublished\":\"2019-01-21T11:56:59+00:00\",\"author\":{\"@id\":\"https:\/\/www.budokampsport.se\/#\/schema\/person\/c838cace8171f692e363fde3f38f208b\"},\"description\":\"UNT-guldet har delats ut sen 1951 och MMA-fajtern Zebaztian Kadestam \u00e4r en av de nominerade f\u00f6r 2018. Zebaztian \u00e4r nominerad f\u00f6r sin bedrift att bli den\",\"breadcrumb\":{\"@id\":\"https:\/\/www.budokampsport.se\/2019\/01\/21\/zebaztian-kadestam-nominerad-till-unt-guldet\/#breadcrumb\"},\"inLanguage\":\"sv-SE\",\"potentialAction\":[{\"@type\":\"ReadAction\",\"target\":[\"https:\/\/www.budokampsport.se\/2019\/01\/21\/zebaztian-kadestam-nominerad-till-unt-guldet\/\"]}]},{\"@type\":\"ImageObject\",\"inLanguage\":\"sv-SE\",\"@id\":\"https:\/\/www.budokampsport.se\/2019\/01\/21\/zebaztian-kadestam-nominerad-till-unt-guldet\/#primaryimage\",\"url\":\"https:\/\/www.budokampsport.se\/wp-content\/uploads\/2019\/01\/ee.jpg\",\"contentUrl\":\"https:\/\/www.budokampsport.se\/wp-content\/uploads\/2019\/01\/ee.jpg\",\"width\":850,\"height\":567},{\"@type\":\"BreadcrumbList\",\"@id\":\"https:\/\/www.budokampsport.se\/2019\/01\/21\/zebaztian-kadestam-nominerad-till-unt-guldet\/#breadcrumb\",\"itemListElement\":[{\"@type\":\"ListItem\",\"position\":1,\"name\":\"Hem\",\"item\":\"https:\/\/www.budokampsport.se\/\"},{\"@type\":\"ListItem\",\"position\":2,\"name\":\"Zebaztian Kadestam nominerad till UNT-guldet\"}]},{\"@type\":\"WebSite\",\"@id\":\"https:\/\/www.budokampsport.se\/#website\",\"url\":\"https:\/\/www.budokampsport.se\/\",\"name\":\"Svenska Budo &amp; Kampsportsf\u00f6rbundet\",\"description\":\"T\u00e4vling, Tr\u00e4ning, Tradition\",\"potentialAction\":[{\"@type\":\"SearchAction\",\"target\":{\"@type\":\"EntryPoint\",\"urlTemplate\":\"https:\/\/www.budokampsport.se\/?s={search_term_string}\"},\"query-input\":{\"@type\":\"PropertyValueSpecification\",\"valueRequired\":true,\"valueName\":\"search_term_string\"}}],\"inLanguage\":\"sv-SE\"},{\"@type\":\"Person\",\"@id\":\"https:\/\/www.budokampsport.se\/#\/schema\/person\/c838cace8171f692e363fde3f38f208b\",\"name\":\"Annie Carriage\",\"image\":{\"@type\":\"ImageObject\",\"inLanguage\":\"sv-SE\",\"@id\":\"https:\/\/www.budokampsport.se\/#\/schema\/person\/image\/\",\"url\":\"https:\/\/secure.gravatar.com\/avatar\/9311295560bdfbdf78365a26f7df1876?s=96&d=blank&r=g\",\"contentUrl\":\"https:\/\/secure.gravatar.com\/avatar\/9311295560bdfbdf78365a26f7df1876?s=96&d=blank&r=g\",\"caption\":\"Annie Carriage\"},\"url\":\"https:\/\/www.budokampsport.se\/author\/annie-bondefelt\/\"}]}<\/script>\n<!-- \/ Yoast SEO plugin. -->","yoast_head_json":{"title":"Zebaztian Kadestam nominerad till UNT-guldet - Svenska Budo &amp; Kampsportsf\u00f6rbundet","description":"UNT-guldet har delats ut sen 1951 och MMA-fajtern Zebaztian Kadestam \u00e4r en av de nominerade f\u00f6r 2018. Zebaztian \u00e4r nominerad f\u00f6r sin bedrift att bli den","robots":{"index":"index","follow":"follow","max-snippet":"max-snippet:-1","max-image-preview":"max-image-preview:large","max-video-preview":"max-video-preview:-1"},"canonical":"https:\/\/www.budokampsport.se\/2019\/01\/21\/zebaztian-kadestam-nominerad-till-unt-guldet\/","og_locale":"sv_SE","og_type":"article","og_title":"Zebaztian Kadestam nominerad till UNT-guldet - Svenska Budo &amp; Kampsportsf\u00f6rbundet","og_description":"UNT-guldet har delats ut sen 1951 och MMA-fajtern Zebaztian Kadestam \u00e4r en av de nominerade f\u00f6r 2018. Zebaztian \u00e4r nominerad f\u00f6r sin bedrift att bli den","og_url":"https:\/\/www.budokampsport.se\/2019\/01\/21\/zebaztian-kadestam-nominerad-till-unt-guldet\/","og_site_name":"Svenska Budo &amp; Kampsportsf\u00f6rbundet","article_published_time":"2019-01-21T11:56:59+00:00","og_image":[{"width":850,"height":567,"url":"https:\/\/www.budokampsport.se\/wp-content\/uploads\/2019\/01\/ee.jpg","type":"image\/jpeg"}],"author":"Annie Carriage","twitter_card":"summary_large_image","twitter_misc":{"Skriven av":"Annie Carriage"},"schema":{"@context":"https:\/\/schema.org","@graph":[{"@type":"Article","@id":"https:\/\/www.budokampsport.se\/2019\/01\/21\/zebaztian-kadestam-nominerad-till-unt-guldet\/#article","isPartOf":{"@id":"https:\/\/www.budokampsport.se\/2019\/01\/21\/zebaztian-kadestam-nominerad-till-unt-guldet\/"},"author":{"name":"Annie Carriage","@id":"https:\/\/www.budokampsport.se\/#\/schema\/person\/c838cace8171f692e363fde3f38f208b"},"headline":"Zebaztian Kadestam nominerad till UNT-guldet","datePublished":"2019-01-21T11:56:59+00:00","mainEntityOfPage":{"@id":"https:\/\/www.budokampsport.se\/2019\/01\/21\/zebaztian-kadestam-nominerad-till-unt-guldet\/"},"wordCount":99,"commentCount":0,"image":{"@id":"https:\/\/www.budokampsport.se\/2019\/01\/21\/zebaztian-kadestam-nominerad-till-unt-guldet\/#primaryimage"},"thumbnailUrl":"https:\/\/www.budokampsport.se\/wp-content\/uploads\/2019\/01\/ee.jpg","inLanguage":"sv-SE","potentialAction":[{"@type":"CommentAction","name":"Comment","target":["https:\/\/www.budokampsport.se\/2019\/01\/21\/zebaztian-kadestam-nominerad-till-unt-guldet\/#respond"]}]},{"@type":"WebPage","@id":"https:\/\/www.budokampsport.se\/2019\/01\/21\/zebaztian-kadestam-nominerad-till-unt-guldet\/","url":"https:\/\/www.budokampsport.se\/2019\/01\/21\/zebaztian-kadestam-nominerad-till-unt-guldet\/","name":"Zebaztian Kadestam nominerad till UNT-guldet - Svenska Budo &amp; Kampsportsf\u00f6rbundet","isPartOf":{"@id":"https:\/\/www.budokampsport.se\/#website"},"primaryImageOfPage":{"@id":"https:\/\/www.budokampsport.se\/2019\/01\/21\/zebaztian-kadestam-nominerad-till-unt-guldet\/#primaryimage"},"image":{"@id":"https:\/\/www.budokampsport.se\/2019\/01\/21\/zebaztian-kadestam-nominerad-till-unt-guldet\/#primaryimage"},"thumbnailUrl":"https:\/\/www.budokampsport.se\/wp-content\/uploads\/2019\/01\/ee.jpg","datePublished":"2019-01-21T11:56:59+00:00","author":{"@id":"https:\/\/www.budokampsport.se\/#\/schema\/person\/c838cace8171f692e363fde3f38f208b"},"description":"UNT-guldet har delats ut sen 1951 och MMA-fajtern Zebaztian Kadestam \u00e4r en av de nominerade f\u00f6r 2018. Zebaztian \u00e4r nominerad f\u00f6r sin bedrift att bli den","breadcrumb":{"@id":"https:\/\/www.budokampsport.se\/2019\/01\/21\/zebaztian-kadestam-nominerad-till-unt-guldet\/#breadcrumb"},"inLanguage":"sv-SE","potentialAction":[{"@type":"ReadAction","target":["https:\/\/www.budokampsport.se\/2019\/01\/21\/zebaztian-kadestam-nominerad-till-unt-guldet\/"]}]},{"@type":"ImageObject","inLanguage":"sv-SE","@id":"https:\/\/www.budokampsport.se\/2019\/01\/21\/zebaztian-kadestam-nominerad-till-unt-guldet\/#primaryimage","url":"https:\/\/www.budokampsport.se\/wp-content\/uploads\/2019\/01\/ee.jpg","contentUrl":"https:\/\/www.budokampsport.se\/wp-content\/uploads\/2019\/01\/ee.jpg","width":850,"height":567},{"@type":"BreadcrumbList","@id":"https:\/\/www.budokampsport.se\/2019\/01\/21\/zebaztian-kadestam-nominerad-till-unt-guldet\/#breadcrumb","itemListElement":[{"@type":"ListItem","position":1,"name":"Hem","item":"https:\/\/www.budokampsport.se\/"},{"@type":"ListItem","position":2,"name":"Zebaztian Kadestam nominerad till UNT-guldet"}]},{"@type":"WebSite","@id":"https:\/\/www.budokampsport.se\/#website","url":"https:\/\/www.budokampsport.se\/","name":"Svenska Budo &amp; Kampsportsf\u00f6rbundet","description":"T\u00e4vling, Tr\u00e4ning, Tradition","potentialAction":[{"@type":"SearchAction","target":{"@type":"EntryPoint","urlTemplate":"https:\/\/www.budokampsport.se\/?s={search_term_string}"},"query-input":{"@type":"PropertyValueSpecification","valueRequired":true,"valueName":"search_term_string"}}],"inLanguage":"sv-SE"},{"@type":"Person","@id":"https:\/\/www.budokampsport.se\/#\/schema\/person\/c838cace8171f692e363fde3f38f208b","name":"Annie Carriage","image":{"@type":"ImageObject","inLanguage":"sv-SE","@id":"https:\/\/www.budokampsport.se\/#\/schema\/person\/image\/","url":"https:\/\/secure.gravatar.com\/avatar\/9311295560bdfbdf78365a26f7df1876?s=96&d=blank&r=g","contentUrl":"https:\/\/secure.gravatar.com\/avatar\/9311295560bdfbdf78365a26f7df1876?s=96&d=blank&r=g","caption":"Annie Carriage"},"url":"https:\/\/www.budokampsport.se\/author\/annie-bondefelt\/"}]}},"_links":{"self":[{"href":"https:\/\/www.budokampsport.se\/api\/wp\/v2\/posts\/89018","targetHints":{"allow":["GET"]}}],"collection":[{"href":"https:\/\/www.budokampsport.se\/api\/wp\/v2\/posts"}],"about":[{"href":"https:\/\/www.budokampsport.se\/api\/wp\/v2\/types\/post"}],"author":[{"embeddable":true,"href":"https:\/\/www.budokampsport.se\/api\/wp\/v2\/users\/120"}],"replies":[{"embeddable":true,"href":"https:\/\/www.budokampsport.se\/api\/wp\/v2\/comments?post=89018"}],"version-history":[{"count":0,"href":"https:\/\/www.budokampsport.se\/api\/wp\/v2\/posts\/89018\/revisions"}],"wp:featuredmedia":[{"embeddable":true,"href":"https:\/\/www.budokampsport.se\/api\/wp\/v2\/media\/90103"}],"wp:attachment":[{"href":"https:\/\/www.budokampsport.se\/api\/wp\/v2\/media?parent=89018"}],"wp:term":[{"taxonomy":"category","embeddable":true,"href":"https:\/\/www.budokampsport.se\/api\/wp\/v2\/categories?post=89018"},{"taxonomy":"post_tag","embeddable":true,"href":"https:\/\/www.budokampsport.se\/api\/wp\/v2\/tags?post=89018"}],"curies":[{"name":"wp","href":"https:\/\/api.w.org\/{rel}","templated":true}]}}