{"id":90693,"date":"2019-02-04T08:23:30","date_gmt":"2019-02-04T07:23:30","guid":{"rendered":"http:\/\/www.budokampsport.se\/?p=90693"},"modified":"2020-02-10T11:20:58","modified_gmt":"2020-02-10T10:20:58","slug":"sbks-pilo-stylin-inleder-idrottsrorelsekonferens","status":"publish","type":"post","link":"https:\/\/www.budokampsport.se\/2019\/02\/04\/sbks-pilo-stylin-inleder-idrottsrorelsekonferens\/","title":{"rendered":"SB&#038;K:s Pilo Stylin inleder Idrotts(r\u00f6relse)konferens"},"content":{"rendered":"<p><span style=\"font-size: 14pt;\">SB&amp;K projektledare Pilo Stylin inleder som talare p\u00e5 Stockholmsidrottens Idrotts(r\u00f6relse)konferensen den 16:e mars.<\/span><\/p>\n<p>Pilo \u00e4r som bekant projektledare\u00a0f\u00f6r SB&amp;K:s utbildningssatsning MotoriQ tillsammans med Magnus Ledin. Under konferensen\u00a0kommer Pilo ber\u00e4tta om projeket och beskriva konceptet som det grundar sig p\u00e5 &#8211; Physical literacy. F\u00f6rel\u00e4sning syftar till att h\u00f6ja kunskapen kring r\u00f6relsekompetens kopplat till allsidig tr\u00e4ning och lek som ska inspirera till att vara fysiskt aktiv livet ut. \u00c4ven f\u00f6rfattaren\u00a0Fredrik Backman, f\u00f6rfattare till \u201dBj\u00f6rnstad\u201d och \u201dVi mot er\u201d kommer att g\u00e4sta f\u00f6rel\u00e4sningen m.fl.<\/p>\n<p>F\u00f6r mer information kring konferensen samt anm\u00e4lan klicka &#8211; <a href=\"http:\/\/educationwebregistration.idrottonline.se\/home\/index\/1225178\">h\u00e4r!<\/a><\/p>\n<p>F\u00f6lj information kring eventet vis Facebook <a href=\"https:\/\/www.facebook.com\/events\/317229652451067\/?active_tab=discussion\">h\u00e4r.<\/a><\/p>\n<p>Text: Annie Bondefelt<br \/>\nFoto: Stockholmsidrotten<\/p>\n","protected":false},"excerpt":{"rendered":"<p>SB&amp;K projektledare Pilo Stylin inleder som talare p\u00e5 Stockholmsidrottens Idrotts(r\u00f6relse)konferensen [&#8230;]<\/p><br>","protected":false},"author":120,"featured_media":90747,"comment_status":"open","ping_status":"open","sticky":false,"template":"","format":"standard","meta":{"_acf_changed":false,"footnotes":""},"categories":[413,1],"tags":[],"class_list":["post-90693","post","type-post","status-publish","format-standard","has-post-thumbnail","hentry","category-motoriq","category-okategoriserade"],"acf":[],"yoast_head":"<!-- This site is optimized with the Yoast SEO plugin v26.8 - https:\/\/yoast.com\/product\/yoast-seo-wordpress\/ -->\n<title>SB&amp;K:s Pilo Stylin inleder Idrotts(r\u00f6relse)konferens - Svenska Budo &amp; Kampsportsf\u00f6rbundet<\/title>\n<meta name=\"description\" content=\"SB&amp;K projektledare Pilo Stylin inleder som talare p\u00e5 Stockholmsidrottens Idrotts(r\u00f6relse)konferensen den 16:e mars. Pilo \u00e4r som bekant\" \/>\n<meta name=\"robots\" content=\"index, follow, max-snippet:-1, max-image-preview:large, max-video-preview:-1\" \/>\n<link rel=\"canonical\" href=\"https:\/\/www.budokampsport.se\/2019\/02\/04\/sbks-pilo-stylin-inleder-idrottsrorelsekonferens\/\" \/>\n<meta property=\"og:locale\" content=\"sv_SE\" \/>\n<meta property=\"og:type\" content=\"article\" \/>\n<meta property=\"og:title\" content=\"SB&amp;K:s Pilo Stylin inleder Idrotts(r\u00f6relse)konferens - Svenska Budo &amp; Kampsportsf\u00f6rbundet\" \/>\n<meta property=\"og:description\" content=\"SB&amp;K projektledare Pilo Stylin inleder som talare p\u00e5 Stockholmsidrottens Idrotts(r\u00f6relse)konferensen den 16:e mars. Pilo \u00e4r som bekant\" \/>\n<meta property=\"og:url\" content=\"https:\/\/www.budokampsport.se\/2019\/02\/04\/sbks-pilo-stylin-inleder-idrottsrorelsekonferens\/\" \/>\n<meta property=\"og:site_name\" content=\"Svenska Budo &amp; Kampsportsf\u00f6rbundet\" \/>\n<meta property=\"article:published_time\" content=\"2019-02-04T07:23:30+00:00\" \/>\n<meta property=\"article:modified_time\" content=\"2020-02-10T10:20:58+00:00\" \/>\n<meta property=\"og:image\" content=\"https:\/\/www.budokampsport.se\/wp-content\/uploads\/2019\/01\/C6F4DFF9-4047-466B-AF81-B1B8CAFE3108.jpeg\" \/>\n\t<meta property=\"og:image:width\" content=\"717\" \/>\n\t<meta property=\"og:image:height\" content=\"358\" \/>\n\t<meta property=\"og:image:type\" content=\"image\/jpeg\" \/>\n<meta name=\"author\" content=\"Annie Carriage\" \/>\n<meta name=\"twitter:card\" content=\"summary_large_image\" \/>\n<meta name=\"twitter:label1\" content=\"Skriven av\" \/>\n\t<meta name=\"twitter:data1\" content=\"Annie Carriage\" \/>\n\t<meta name=\"twitter:label2\" content=\"Ber\u00e4knad l\u00e4stid\" \/>\n\t<meta name=\"twitter:data2\" content=\"1 minut\" \/>\n<script type=\"application\/ld+json\" class=\"yoast-schema-graph\">{\"@context\":\"https:\/\/schema.org\",\"@graph\":[{\"@type\":\"Article\",\"@id\":\"https:\/\/www.budokampsport.se\/2019\/02\/04\/sbks-pilo-stylin-inleder-idrottsrorelsekonferens\/#article\",\"isPartOf\":{\"@id\":\"https:\/\/www.budokampsport.se\/2019\/02\/04\/sbks-pilo-stylin-inleder-idrottsrorelsekonferens\/\"},\"author\":{\"name\":\"Annie Carriage\",\"@id\":\"https:\/\/www.budokampsport.se\/#\/schema\/person\/c838cace8171f692e363fde3f38f208b\"},\"headline\":\"SB&#038;K:s Pilo Stylin inleder Idrotts(r\u00f6relse)konferens\",\"datePublished\":\"2019-02-04T07:23:30+00:00\",\"dateModified\":\"2020-02-10T10:20:58+00:00\",\"mainEntityOfPage\":{\"@id\":\"https:\/\/www.budokampsport.se\/2019\/02\/04\/sbks-pilo-stylin-inleder-idrottsrorelsekonferens\/\"},\"wordCount\":143,\"commentCount\":1,\"image\":{\"@id\":\"https:\/\/www.budokampsport.se\/2019\/02\/04\/sbks-pilo-stylin-inleder-idrottsrorelsekonferens\/#primaryimage\"},\"thumbnailUrl\":\"https:\/\/www.budokampsport.se\/wp-content\/uploads\/2019\/01\/C6F4DFF9-4047-466B-AF81-B1B8CAFE3108.jpeg\",\"articleSection\":[\"MotoriQ\"],\"inLanguage\":\"sv-SE\",\"potentialAction\":[{\"@type\":\"CommentAction\",\"name\":\"Comment\",\"target\":[\"https:\/\/www.budokampsport.se\/2019\/02\/04\/sbks-pilo-stylin-inleder-idrottsrorelsekonferens\/#respond\"]}]},{\"@type\":\"WebPage\",\"@id\":\"https:\/\/www.budokampsport.se\/2019\/02\/04\/sbks-pilo-stylin-inleder-idrottsrorelsekonferens\/\",\"url\":\"https:\/\/www.budokampsport.se\/2019\/02\/04\/sbks-pilo-stylin-inleder-idrottsrorelsekonferens\/\",\"name\":\"SB&K:s Pilo Stylin inleder Idrotts(r\u00f6relse)konferens - Svenska Budo &amp; Kampsportsf\u00f6rbundet\",\"isPartOf\":{\"@id\":\"https:\/\/www.budokampsport.se\/#website\"},\"primaryImageOfPage\":{\"@id\":\"https:\/\/www.budokampsport.se\/2019\/02\/04\/sbks-pilo-stylin-inleder-idrottsrorelsekonferens\/#primaryimage\"},\"image\":{\"@id\":\"https:\/\/www.budokampsport.se\/2019\/02\/04\/sbks-pilo-stylin-inleder-idrottsrorelsekonferens\/#primaryimage\"},\"thumbnailUrl\":\"https:\/\/www.budokampsport.se\/wp-content\/uploads\/2019\/01\/C6F4DFF9-4047-466B-AF81-B1B8CAFE3108.jpeg\",\"datePublished\":\"2019-02-04T07:23:30+00:00\",\"dateModified\":\"2020-02-10T10:20:58+00:00\",\"author\":{\"@id\":\"https:\/\/www.budokampsport.se\/#\/schema\/person\/c838cace8171f692e363fde3f38f208b\"},\"description\":\"SB&amp;K projektledare Pilo Stylin inleder som talare p\u00e5 Stockholmsidrottens Idrotts(r\u00f6relse)konferensen den 16:e mars. Pilo \u00e4r som bekant\",\"breadcrumb\":{\"@id\":\"https:\/\/www.budokampsport.se\/2019\/02\/04\/sbks-pilo-stylin-inleder-idrottsrorelsekonferens\/#breadcrumb\"},\"inLanguage\":\"sv-SE\",\"potentialAction\":[{\"@type\":\"ReadAction\",\"target\":[\"https:\/\/www.budokampsport.se\/2019\/02\/04\/sbks-pilo-stylin-inleder-idrottsrorelsekonferens\/\"]}]},{\"@type\":\"ImageObject\",\"inLanguage\":\"sv-SE\",\"@id\":\"https:\/\/www.budokampsport.se\/2019\/02\/04\/sbks-pilo-stylin-inleder-idrottsrorelsekonferens\/#primaryimage\",\"url\":\"https:\/\/www.budokampsport.se\/wp-content\/uploads\/2019\/01\/C6F4DFF9-4047-466B-AF81-B1B8CAFE3108.jpeg\",\"contentUrl\":\"https:\/\/www.budokampsport.se\/wp-content\/uploads\/2019\/01\/C6F4DFF9-4047-466B-AF81-B1B8CAFE3108.jpeg\",\"width\":717,\"height\":358},{\"@type\":\"BreadcrumbList\",\"@id\":\"https:\/\/www.budokampsport.se\/2019\/02\/04\/sbks-pilo-stylin-inleder-idrottsrorelsekonferens\/#breadcrumb\",\"itemListElement\":[{\"@type\":\"ListItem\",\"position\":1,\"name\":\"Hem\",\"item\":\"https:\/\/www.budokampsport.se\/\"},{\"@type\":\"ListItem\",\"position\":2,\"name\":\"SB&#038;K:s Pilo Stylin inleder Idrotts(r\u00f6relse)konferens\"}]},{\"@type\":\"WebSite\",\"@id\":\"https:\/\/www.budokampsport.se\/#website\",\"url\":\"https:\/\/www.budokampsport.se\/\",\"name\":\"Svenska Budo &amp; Kampsportsf\u00f6rbundet\",\"description\":\"T\u00e4vling, Tr\u00e4ning, Tradition\",\"potentialAction\":[{\"@type\":\"SearchAction\",\"target\":{\"@type\":\"EntryPoint\",\"urlTemplate\":\"https:\/\/www.budokampsport.se\/?s={search_term_string}\"},\"query-input\":{\"@type\":\"PropertyValueSpecification\",\"valueRequired\":true,\"valueName\":\"search_term_string\"}}],\"inLanguage\":\"sv-SE\"},{\"@type\":\"Person\",\"@id\":\"https:\/\/www.budokampsport.se\/#\/schema\/person\/c838cace8171f692e363fde3f38f208b\",\"name\":\"Annie Carriage\",\"image\":{\"@type\":\"ImageObject\",\"inLanguage\":\"sv-SE\",\"@id\":\"https:\/\/www.budokampsport.se\/#\/schema\/person\/image\/\",\"url\":\"https:\/\/secure.gravatar.com\/avatar\/9311295560bdfbdf78365a26f7df1876?s=96&d=blank&r=g\",\"contentUrl\":\"https:\/\/secure.gravatar.com\/avatar\/9311295560bdfbdf78365a26f7df1876?s=96&d=blank&r=g\",\"caption\":\"Annie Carriage\"},\"url\":\"https:\/\/www.budokampsport.se\/author\/annie-bondefelt\/\"}]}<\/script>\n<!-- \/ Yoast SEO plugin. -->","yoast_head_json":{"title":"SB&K:s Pilo Stylin inleder Idrotts(r\u00f6relse)konferens - Svenska Budo &amp; Kampsportsf\u00f6rbundet","description":"SB&amp;K projektledare Pilo Stylin inleder som talare p\u00e5 Stockholmsidrottens Idrotts(r\u00f6relse)konferensen den 16:e mars. Pilo \u00e4r som bekant","robots":{"index":"index","follow":"follow","max-snippet":"max-snippet:-1","max-image-preview":"max-image-preview:large","max-video-preview":"max-video-preview:-1"},"canonical":"https:\/\/www.budokampsport.se\/2019\/02\/04\/sbks-pilo-stylin-inleder-idrottsrorelsekonferens\/","og_locale":"sv_SE","og_type":"article","og_title":"SB&K:s Pilo Stylin inleder Idrotts(r\u00f6relse)konferens - Svenska Budo &amp; Kampsportsf\u00f6rbundet","og_description":"SB&amp;K projektledare Pilo Stylin inleder som talare p\u00e5 Stockholmsidrottens Idrotts(r\u00f6relse)konferensen den 16:e mars. Pilo \u00e4r som bekant","og_url":"https:\/\/www.budokampsport.se\/2019\/02\/04\/sbks-pilo-stylin-inleder-idrottsrorelsekonferens\/","og_site_name":"Svenska Budo &amp; Kampsportsf\u00f6rbundet","article_published_time":"2019-02-04T07:23:30+00:00","article_modified_time":"2020-02-10T10:20:58+00:00","og_image":[{"width":717,"height":358,"url":"https:\/\/www.budokampsport.se\/wp-content\/uploads\/2019\/01\/C6F4DFF9-4047-466B-AF81-B1B8CAFE3108.jpeg","type":"image\/jpeg"}],"author":"Annie Carriage","twitter_card":"summary_large_image","twitter_misc":{"Skriven av":"Annie Carriage","Ber\u00e4knad l\u00e4stid":"1 minut"},"schema":{"@context":"https:\/\/schema.org","@graph":[{"@type":"Article","@id":"https:\/\/www.budokampsport.se\/2019\/02\/04\/sbks-pilo-stylin-inleder-idrottsrorelsekonferens\/#article","isPartOf":{"@id":"https:\/\/www.budokampsport.se\/2019\/02\/04\/sbks-pilo-stylin-inleder-idrottsrorelsekonferens\/"},"author":{"name":"Annie Carriage","@id":"https:\/\/www.budokampsport.se\/#\/schema\/person\/c838cace8171f692e363fde3f38f208b"},"headline":"SB&#038;K:s Pilo Stylin inleder Idrotts(r\u00f6relse)konferens","datePublished":"2019-02-04T07:23:30+00:00","dateModified":"2020-02-10T10:20:58+00:00","mainEntityOfPage":{"@id":"https:\/\/www.budokampsport.se\/2019\/02\/04\/sbks-pilo-stylin-inleder-idrottsrorelsekonferens\/"},"wordCount":143,"commentCount":1,"image":{"@id":"https:\/\/www.budokampsport.se\/2019\/02\/04\/sbks-pilo-stylin-inleder-idrottsrorelsekonferens\/#primaryimage"},"thumbnailUrl":"https:\/\/www.budokampsport.se\/wp-content\/uploads\/2019\/01\/C6F4DFF9-4047-466B-AF81-B1B8CAFE3108.jpeg","articleSection":["MotoriQ"],"inLanguage":"sv-SE","potentialAction":[{"@type":"CommentAction","name":"Comment","target":["https:\/\/www.budokampsport.se\/2019\/02\/04\/sbks-pilo-stylin-inleder-idrottsrorelsekonferens\/#respond"]}]},{"@type":"WebPage","@id":"https:\/\/www.budokampsport.se\/2019\/02\/04\/sbks-pilo-stylin-inleder-idrottsrorelsekonferens\/","url":"https:\/\/www.budokampsport.se\/2019\/02\/04\/sbks-pilo-stylin-inleder-idrottsrorelsekonferens\/","name":"SB&K:s Pilo Stylin inleder Idrotts(r\u00f6relse)konferens - Svenska Budo &amp; Kampsportsf\u00f6rbundet","isPartOf":{"@id":"https:\/\/www.budokampsport.se\/#website"},"primaryImageOfPage":{"@id":"https:\/\/www.budokampsport.se\/2019\/02\/04\/sbks-pilo-stylin-inleder-idrottsrorelsekonferens\/#primaryimage"},"image":{"@id":"https:\/\/www.budokampsport.se\/2019\/02\/04\/sbks-pilo-stylin-inleder-idrottsrorelsekonferens\/#primaryimage"},"thumbnailUrl":"https:\/\/www.budokampsport.se\/wp-content\/uploads\/2019\/01\/C6F4DFF9-4047-466B-AF81-B1B8CAFE3108.jpeg","datePublished":"2019-02-04T07:23:30+00:00","dateModified":"2020-02-10T10:20:58+00:00","author":{"@id":"https:\/\/www.budokampsport.se\/#\/schema\/person\/c838cace8171f692e363fde3f38f208b"},"description":"SB&amp;K projektledare Pilo Stylin inleder som talare p\u00e5 Stockholmsidrottens Idrotts(r\u00f6relse)konferensen den 16:e mars. Pilo \u00e4r som bekant","breadcrumb":{"@id":"https:\/\/www.budokampsport.se\/2019\/02\/04\/sbks-pilo-stylin-inleder-idrottsrorelsekonferens\/#breadcrumb"},"inLanguage":"sv-SE","potentialAction":[{"@type":"ReadAction","target":["https:\/\/www.budokampsport.se\/2019\/02\/04\/sbks-pilo-stylin-inleder-idrottsrorelsekonferens\/"]}]},{"@type":"ImageObject","inLanguage":"sv-SE","@id":"https:\/\/www.budokampsport.se\/2019\/02\/04\/sbks-pilo-stylin-inleder-idrottsrorelsekonferens\/#primaryimage","url":"https:\/\/www.budokampsport.se\/wp-content\/uploads\/2019\/01\/C6F4DFF9-4047-466B-AF81-B1B8CAFE3108.jpeg","contentUrl":"https:\/\/www.budokampsport.se\/wp-content\/uploads\/2019\/01\/C6F4DFF9-4047-466B-AF81-B1B8CAFE3108.jpeg","width":717,"height":358},{"@type":"BreadcrumbList","@id":"https:\/\/www.budokampsport.se\/2019\/02\/04\/sbks-pilo-stylin-inleder-idrottsrorelsekonferens\/#breadcrumb","itemListElement":[{"@type":"ListItem","position":1,"name":"Hem","item":"https:\/\/www.budokampsport.se\/"},{"@type":"ListItem","position":2,"name":"SB&#038;K:s Pilo Stylin inleder Idrotts(r\u00f6relse)konferens"}]},{"@type":"WebSite","@id":"https:\/\/www.budokampsport.se\/#website","url":"https:\/\/www.budokampsport.se\/","name":"Svenska Budo &amp; Kampsportsf\u00f6rbundet","description":"T\u00e4vling, Tr\u00e4ning, Tradition","potentialAction":[{"@type":"SearchAction","target":{"@type":"EntryPoint","urlTemplate":"https:\/\/www.budokampsport.se\/?s={search_term_string}"},"query-input":{"@type":"PropertyValueSpecification","valueRequired":true,"valueName":"search_term_string"}}],"inLanguage":"sv-SE"},{"@type":"Person","@id":"https:\/\/www.budokampsport.se\/#\/schema\/person\/c838cace8171f692e363fde3f38f208b","name":"Annie Carriage","image":{"@type":"ImageObject","inLanguage":"sv-SE","@id":"https:\/\/www.budokampsport.se\/#\/schema\/person\/image\/","url":"https:\/\/secure.gravatar.com\/avatar\/9311295560bdfbdf78365a26f7df1876?s=96&d=blank&r=g","contentUrl":"https:\/\/secure.gravatar.com\/avatar\/9311295560bdfbdf78365a26f7df1876?s=96&d=blank&r=g","caption":"Annie Carriage"},"url":"https:\/\/www.budokampsport.se\/author\/annie-bondefelt\/"}]}},"_links":{"self":[{"href":"https:\/\/www.budokampsport.se\/api\/wp\/v2\/posts\/90693","targetHints":{"allow":["GET"]}}],"collection":[{"href":"https:\/\/www.budokampsport.se\/api\/wp\/v2\/posts"}],"about":[{"href":"https:\/\/www.budokampsport.se\/api\/wp\/v2\/types\/post"}],"author":[{"embeddable":true,"href":"https:\/\/www.budokampsport.se\/api\/wp\/v2\/users\/120"}],"replies":[{"embeddable":true,"href":"https:\/\/www.budokampsport.se\/api\/wp\/v2\/comments?post=90693"}],"version-history":[{"count":0,"href":"https:\/\/www.budokampsport.se\/api\/wp\/v2\/posts\/90693\/revisions"}],"wp:featuredmedia":[{"embeddable":true,"href":"https:\/\/www.budokampsport.se\/api\/wp\/v2\/media\/90747"}],"wp:attachment":[{"href":"https:\/\/www.budokampsport.se\/api\/wp\/v2\/media?parent=90693"}],"wp:term":[{"taxonomy":"category","embeddable":true,"href":"https:\/\/www.budokampsport.se\/api\/wp\/v2\/categories?post=90693"},{"taxonomy":"post_tag","embeddable":true,"href":"https:\/\/www.budokampsport.se\/api\/wp\/v2\/tags?post=90693"}],"curies":[{"name":"wp","href":"https:\/\/api.w.org\/{rel}","templated":true}]}}