{"id":92756,"date":"2019-02-15T14:24:19","date_gmt":"2019-02-15T13:24:19","guid":{"rendered":"http:\/\/www.budokampsport.se\/?p=92756"},"modified":"2019-02-15T14:24:19","modified_gmt":"2019-02-15T13:24:19","slug":"dags-for-arsmote-i-foreningen","status":"publish","type":"post","link":"https:\/\/www.budokampsport.se\/2019\/02\/15\/dags-for-arsmote-i-foreningen\/","title":{"rendered":"Dags f\u00f6r \u00e5rsm\u00f6te i f\u00f6reningen?"},"content":{"rendered":"<p>F\u00f6rsta kvartalet \u00e4r \u00e5rsm\u00f6test\u00e4ta tider bland idrottsf\u00f6reningar. \u00c5rsm\u00f6tet \u00e4r f\u00f6reningens h\u00f6gsta beslutande organ och ett tillf\u00e4lle att som enskild medlem vara med och p\u00e5verka verksamheten. Nedan \u00e4r n\u00e5gra saker att t\u00e4nka p\u00e5 g\u00e4llande f\u00f6reningens \u00e5rsm\u00f6te och som alla kan och b\u00f6r hj\u00e4lpas \u00e5t att uppr\u00e4tth\u00e5lla.<\/p>\n<p><strong>N\u00e4r \u00e5rsm\u00f6te?<\/strong><br \/>\nF\u00f6reningens stadgar ska bland annat inneh\u00e5lla uppgifter om n\u00e4r \u00e5rsm\u00f6tet senast ska genomf\u00f6ras, hur l\u00e5ng tid innan m\u00f6tet kallelsen ska publiceras samt vad som ska behandlas under ert \u00e5rsm\u00f6te. Det \u00e4r viktigt att f\u00f6reningen f\u00f6ljer det som st\u00e5r i stadgarna n\u00e4r det kallas till och genomf\u00f6rs \u00e5rsm\u00f6te. Av stadgarna framg\u00e5r bland annat dagordningen f\u00f6r \u00e5rsm\u00f6tet och det \u00e4r viktigt att samtliga punkter tas upp och protokollf\u00f6rs.<\/p>\n<p><strong>Hj\u00e4lp med \u00e5rsm\u00f6tet?<\/strong><br \/>\nOm ni \u00e4r os\u00e4kra p\u00e5 n\u00e5got kring ert \u00e5rsm\u00f6te kan ni med f\u00f6rdel v\u00e4nda er till ert distriktsidrottsf\u00f6rbund\/SISU-distrikt (DF). I vissa distrikt finns ut\u00f6ver st\u00f6d i f\u00f6reningsfr\u00e5gor m\u00f6jligheten att l\u00e5na lokal till \u00e5rsm\u00f6tet, f\u00e5 hj\u00e4lp med en extern ordf\u00f6rande att leda m\u00f6tet eller kanske m\u00f6jlighet att komplettera \u00e5rsm\u00f6tet med bes\u00f6k av en inspirationsf\u00f6rel\u00e4sare. Kontaktuppgifter till alla DF finns att s\u00f6ka fram p\u00e5 <a href=\"https:\/\/www.sisuidrottsutbildarna.se\/Kontakt\/hittadistriktochforbund\/\" target=\"_blank\" rel=\"noopener\">denna sida<\/a>.<\/p>\n<p><strong>Nya kontaktuppgifter?<\/strong><br \/>\nEfter \u00e5rsm\u00f6tet kanske styrelsen har en ny sammans\u00e4ttning. F\u00f6r att information ska n\u00e5 r\u00e4tt person \u00e4r det d\u00e4rf\u00f6r viktigt att direkt se \u00f6ver att r\u00e4tt kontaktuppgifter \u00e4r registrerade.<br \/>\n&#8211; IdrottOnline uppdateras av f\u00f6reningen, f\u00f6r information och support bes\u00f6k <a href=\"https:\/\/idrottonline.se\/\" target=\"_blank\" rel=\"noopener\">idrottonline.se<\/a><br \/>\n&#8211; <a href=\"http:\/\/www.budokampsport.se\/klubbar\/\">Klubbregistret<\/a> p\u00e5 budokampsport.se uppdaterar f\u00f6reningen genom att maila <a href=\"mailto:info@budo.se\">info@budo.se<\/a> Var noga med att ange vilken f\u00f6rening \u00e4rendet avser samt vilka uppgifter som ska \u00e4ndras till vilka.<\/p>\n","protected":false},"excerpt":{"rendered":"<p>F\u00f6rsta kvartalet \u00e4r \u00e5rsm\u00f6test\u00e4ta tider bland idrottsf\u00f6reningar. \u00c5rsm\u00f6tet \u00e4r f\u00f6reningens [&#8230;]<\/p><br>","protected":false},"author":47,"featured_media":0,"comment_status":"open","ping_status":"open","sticky":false,"template":"","format":"standard","meta":{"_acf_changed":false,"footnotes":""},"categories":[273],"tags":[],"class_list":["post-92756","post","type-post","status-publish","format-standard","hentry","category-utbildning"],"acf":[],"yoast_head":"<!-- This site is optimized with the Yoast SEO plugin v26.8 - https:\/\/yoast.com\/product\/yoast-seo-wordpress\/ -->\n<title>Dags f\u00f6r \u00e5rsm\u00f6te i f\u00f6reningen? - Svenska Budo &amp; Kampsportsf\u00f6rbundet<\/title>\n<meta name=\"description\" content=\"F\u00f6rsta kvartalet \u00e4r \u00e5rsm\u00f6test\u00e4ta tider bland idrottsf\u00f6reningar. \u00c5rsm\u00f6tet \u00e4r f\u00f6reningens h\u00f6gsta beslutande organ och ett tillf\u00e4lle att som enskild medlem\" \/>\n<meta name=\"robots\" content=\"index, follow, max-snippet:-1, max-image-preview:large, max-video-preview:-1\" \/>\n<link rel=\"canonical\" href=\"https:\/\/www.budokampsport.se\/2019\/02\/15\/dags-for-arsmote-i-foreningen\/\" \/>\n<meta property=\"og:locale\" content=\"sv_SE\" \/>\n<meta property=\"og:type\" content=\"article\" \/>\n<meta property=\"og:title\" content=\"Dags f\u00f6r \u00e5rsm\u00f6te i f\u00f6reningen? - Svenska Budo &amp; Kampsportsf\u00f6rbundet\" \/>\n<meta property=\"og:description\" content=\"F\u00f6rsta kvartalet \u00e4r \u00e5rsm\u00f6test\u00e4ta tider bland idrottsf\u00f6reningar. \u00c5rsm\u00f6tet \u00e4r f\u00f6reningens h\u00f6gsta beslutande organ och ett tillf\u00e4lle att som enskild medlem\" \/>\n<meta property=\"og:url\" content=\"https:\/\/www.budokampsport.se\/2019\/02\/15\/dags-for-arsmote-i-foreningen\/\" \/>\n<meta property=\"og:site_name\" content=\"Svenska Budo &amp; Kampsportsf\u00f6rbundet\" \/>\n<meta property=\"article:published_time\" content=\"2019-02-15T13:24:19+00:00\" \/>\n<meta name=\"author\" content=\"Sofia Arnbom\" \/>\n<meta name=\"twitter:card\" content=\"summary_large_image\" \/>\n<meta name=\"twitter:label1\" content=\"Skriven av\" \/>\n\t<meta name=\"twitter:data1\" content=\"Sofia Arnbom\" \/>\n\t<meta name=\"twitter:label2\" content=\"Ber\u00e4knad l\u00e4stid\" \/>\n\t<meta name=\"twitter:data2\" content=\"2 minuter\" \/>\n<script type=\"application\/ld+json\" class=\"yoast-schema-graph\">{\"@context\":\"https:\/\/schema.org\",\"@graph\":[{\"@type\":\"Article\",\"@id\":\"https:\/\/www.budokampsport.se\/2019\/02\/15\/dags-for-arsmote-i-foreningen\/#article\",\"isPartOf\":{\"@id\":\"https:\/\/www.budokampsport.se\/2019\/02\/15\/dags-for-arsmote-i-foreningen\/\"},\"author\":{\"name\":\"Sofia Arnbom\",\"@id\":\"https:\/\/www.budokampsport.se\/#\/schema\/person\/666f754cfbc6f9a83a8c253cd24ad660\"},\"headline\":\"Dags f\u00f6r \u00e5rsm\u00f6te i f\u00f6reningen?\",\"datePublished\":\"2019-02-15T13:24:19+00:00\",\"mainEntityOfPage\":{\"@id\":\"https:\/\/www.budokampsport.se\/2019\/02\/15\/dags-for-arsmote-i-foreningen\/\"},\"wordCount\":335,\"commentCount\":0,\"articleSection\":[\"Utbildning\"],\"inLanguage\":\"sv-SE\",\"potentialAction\":[{\"@type\":\"CommentAction\",\"name\":\"Comment\",\"target\":[\"https:\/\/www.budokampsport.se\/2019\/02\/15\/dags-for-arsmote-i-foreningen\/#respond\"]}]},{\"@type\":\"WebPage\",\"@id\":\"https:\/\/www.budokampsport.se\/2019\/02\/15\/dags-for-arsmote-i-foreningen\/\",\"url\":\"https:\/\/www.budokampsport.se\/2019\/02\/15\/dags-for-arsmote-i-foreningen\/\",\"name\":\"Dags f\u00f6r \u00e5rsm\u00f6te i f\u00f6reningen? - Svenska Budo &amp; Kampsportsf\u00f6rbundet\",\"isPartOf\":{\"@id\":\"https:\/\/www.budokampsport.se\/#website\"},\"datePublished\":\"2019-02-15T13:24:19+00:00\",\"author\":{\"@id\":\"https:\/\/www.budokampsport.se\/#\/schema\/person\/666f754cfbc6f9a83a8c253cd24ad660\"},\"description\":\"F\u00f6rsta kvartalet \u00e4r \u00e5rsm\u00f6test\u00e4ta tider bland idrottsf\u00f6reningar. \u00c5rsm\u00f6tet \u00e4r f\u00f6reningens h\u00f6gsta beslutande organ och ett tillf\u00e4lle att som enskild medlem\",\"breadcrumb\":{\"@id\":\"https:\/\/www.budokampsport.se\/2019\/02\/15\/dags-for-arsmote-i-foreningen\/#breadcrumb\"},\"inLanguage\":\"sv-SE\",\"potentialAction\":[{\"@type\":\"ReadAction\",\"target\":[\"https:\/\/www.budokampsport.se\/2019\/02\/15\/dags-for-arsmote-i-foreningen\/\"]}]},{\"@type\":\"BreadcrumbList\",\"@id\":\"https:\/\/www.budokampsport.se\/2019\/02\/15\/dags-for-arsmote-i-foreningen\/#breadcrumb\",\"itemListElement\":[{\"@type\":\"ListItem\",\"position\":1,\"name\":\"Hem\",\"item\":\"https:\/\/www.budokampsport.se\/\"},{\"@type\":\"ListItem\",\"position\":2,\"name\":\"Dags f\u00f6r \u00e5rsm\u00f6te i f\u00f6reningen?\"}]},{\"@type\":\"WebSite\",\"@id\":\"https:\/\/www.budokampsport.se\/#website\",\"url\":\"https:\/\/www.budokampsport.se\/\",\"name\":\"Svenska Budo &amp; Kampsportsf\u00f6rbundet\",\"description\":\"T\u00e4vling, Tr\u00e4ning, Tradition\",\"potentialAction\":[{\"@type\":\"SearchAction\",\"target\":{\"@type\":\"EntryPoint\",\"urlTemplate\":\"https:\/\/www.budokampsport.se\/?s={search_term_string}\"},\"query-input\":{\"@type\":\"PropertyValueSpecification\",\"valueRequired\":true,\"valueName\":\"search_term_string\"}}],\"inLanguage\":\"sv-SE\"},{\"@type\":\"Person\",\"@id\":\"https:\/\/www.budokampsport.se\/#\/schema\/person\/666f754cfbc6f9a83a8c253cd24ad660\",\"name\":\"Sofia Arnbom\",\"image\":{\"@type\":\"ImageObject\",\"inLanguage\":\"sv-SE\",\"@id\":\"https:\/\/www.budokampsport.se\/#\/schema\/person\/image\/\",\"url\":\"https:\/\/secure.gravatar.com\/avatar\/a69f673c99635f06ea6cb1eb10ca7e92?s=96&d=blank&r=g\",\"contentUrl\":\"https:\/\/secure.gravatar.com\/avatar\/a69f673c99635f06ea6cb1eb10ca7e92?s=96&d=blank&r=g\",\"caption\":\"Sofia Arnbom\"},\"url\":\"https:\/\/www.budokampsport.se\/author\/sofia-arnbom\/\"}]}<\/script>\n<!-- \/ Yoast SEO plugin. -->","yoast_head_json":{"title":"Dags f\u00f6r \u00e5rsm\u00f6te i f\u00f6reningen? - Svenska Budo &amp; Kampsportsf\u00f6rbundet","description":"F\u00f6rsta kvartalet \u00e4r \u00e5rsm\u00f6test\u00e4ta tider bland idrottsf\u00f6reningar. \u00c5rsm\u00f6tet \u00e4r f\u00f6reningens h\u00f6gsta beslutande organ och ett tillf\u00e4lle att som enskild medlem","robots":{"index":"index","follow":"follow","max-snippet":"max-snippet:-1","max-image-preview":"max-image-preview:large","max-video-preview":"max-video-preview:-1"},"canonical":"https:\/\/www.budokampsport.se\/2019\/02\/15\/dags-for-arsmote-i-foreningen\/","og_locale":"sv_SE","og_type":"article","og_title":"Dags f\u00f6r \u00e5rsm\u00f6te i f\u00f6reningen? - Svenska Budo &amp; Kampsportsf\u00f6rbundet","og_description":"F\u00f6rsta kvartalet \u00e4r \u00e5rsm\u00f6test\u00e4ta tider bland idrottsf\u00f6reningar. \u00c5rsm\u00f6tet \u00e4r f\u00f6reningens h\u00f6gsta beslutande organ och ett tillf\u00e4lle att som enskild medlem","og_url":"https:\/\/www.budokampsport.se\/2019\/02\/15\/dags-for-arsmote-i-foreningen\/","og_site_name":"Svenska Budo &amp; Kampsportsf\u00f6rbundet","article_published_time":"2019-02-15T13:24:19+00:00","author":"Sofia Arnbom","twitter_card":"summary_large_image","twitter_misc":{"Skriven av":"Sofia Arnbom","Ber\u00e4knad l\u00e4stid":"2 minuter"},"schema":{"@context":"https:\/\/schema.org","@graph":[{"@type":"Article","@id":"https:\/\/www.budokampsport.se\/2019\/02\/15\/dags-for-arsmote-i-foreningen\/#article","isPartOf":{"@id":"https:\/\/www.budokampsport.se\/2019\/02\/15\/dags-for-arsmote-i-foreningen\/"},"author":{"name":"Sofia Arnbom","@id":"https:\/\/www.budokampsport.se\/#\/schema\/person\/666f754cfbc6f9a83a8c253cd24ad660"},"headline":"Dags f\u00f6r \u00e5rsm\u00f6te i f\u00f6reningen?","datePublished":"2019-02-15T13:24:19+00:00","mainEntityOfPage":{"@id":"https:\/\/www.budokampsport.se\/2019\/02\/15\/dags-for-arsmote-i-foreningen\/"},"wordCount":335,"commentCount":0,"articleSection":["Utbildning"],"inLanguage":"sv-SE","potentialAction":[{"@type":"CommentAction","name":"Comment","target":["https:\/\/www.budokampsport.se\/2019\/02\/15\/dags-for-arsmote-i-foreningen\/#respond"]}]},{"@type":"WebPage","@id":"https:\/\/www.budokampsport.se\/2019\/02\/15\/dags-for-arsmote-i-foreningen\/","url":"https:\/\/www.budokampsport.se\/2019\/02\/15\/dags-for-arsmote-i-foreningen\/","name":"Dags f\u00f6r \u00e5rsm\u00f6te i f\u00f6reningen? - Svenska Budo &amp; Kampsportsf\u00f6rbundet","isPartOf":{"@id":"https:\/\/www.budokampsport.se\/#website"},"datePublished":"2019-02-15T13:24:19+00:00","author":{"@id":"https:\/\/www.budokampsport.se\/#\/schema\/person\/666f754cfbc6f9a83a8c253cd24ad660"},"description":"F\u00f6rsta kvartalet \u00e4r \u00e5rsm\u00f6test\u00e4ta tider bland idrottsf\u00f6reningar. \u00c5rsm\u00f6tet \u00e4r f\u00f6reningens h\u00f6gsta beslutande organ och ett tillf\u00e4lle att som enskild medlem","breadcrumb":{"@id":"https:\/\/www.budokampsport.se\/2019\/02\/15\/dags-for-arsmote-i-foreningen\/#breadcrumb"},"inLanguage":"sv-SE","potentialAction":[{"@type":"ReadAction","target":["https:\/\/www.budokampsport.se\/2019\/02\/15\/dags-for-arsmote-i-foreningen\/"]}]},{"@type":"BreadcrumbList","@id":"https:\/\/www.budokampsport.se\/2019\/02\/15\/dags-for-arsmote-i-foreningen\/#breadcrumb","itemListElement":[{"@type":"ListItem","position":1,"name":"Hem","item":"https:\/\/www.budokampsport.se\/"},{"@type":"ListItem","position":2,"name":"Dags f\u00f6r \u00e5rsm\u00f6te i f\u00f6reningen?"}]},{"@type":"WebSite","@id":"https:\/\/www.budokampsport.se\/#website","url":"https:\/\/www.budokampsport.se\/","name":"Svenska Budo &amp; Kampsportsf\u00f6rbundet","description":"T\u00e4vling, Tr\u00e4ning, Tradition","potentialAction":[{"@type":"SearchAction","target":{"@type":"EntryPoint","urlTemplate":"https:\/\/www.budokampsport.se\/?s={search_term_string}"},"query-input":{"@type":"PropertyValueSpecification","valueRequired":true,"valueName":"search_term_string"}}],"inLanguage":"sv-SE"},{"@type":"Person","@id":"https:\/\/www.budokampsport.se\/#\/schema\/person\/666f754cfbc6f9a83a8c253cd24ad660","name":"Sofia Arnbom","image":{"@type":"ImageObject","inLanguage":"sv-SE","@id":"https:\/\/www.budokampsport.se\/#\/schema\/person\/image\/","url":"https:\/\/secure.gravatar.com\/avatar\/a69f673c99635f06ea6cb1eb10ca7e92?s=96&d=blank&r=g","contentUrl":"https:\/\/secure.gravatar.com\/avatar\/a69f673c99635f06ea6cb1eb10ca7e92?s=96&d=blank&r=g","caption":"Sofia Arnbom"},"url":"https:\/\/www.budokampsport.se\/author\/sofia-arnbom\/"}]}},"_links":{"self":[{"href":"https:\/\/www.budokampsport.se\/api\/wp\/v2\/posts\/92756","targetHints":{"allow":["GET"]}}],"collection":[{"href":"https:\/\/www.budokampsport.se\/api\/wp\/v2\/posts"}],"about":[{"href":"https:\/\/www.budokampsport.se\/api\/wp\/v2\/types\/post"}],"author":[{"embeddable":true,"href":"https:\/\/www.budokampsport.se\/api\/wp\/v2\/users\/47"}],"replies":[{"embeddable":true,"href":"https:\/\/www.budokampsport.se\/api\/wp\/v2\/comments?post=92756"}],"version-history":[{"count":0,"href":"https:\/\/www.budokampsport.se\/api\/wp\/v2\/posts\/92756\/revisions"}],"wp:attachment":[{"href":"https:\/\/www.budokampsport.se\/api\/wp\/v2\/media?parent=92756"}],"wp:term":[{"taxonomy":"category","embeddable":true,"href":"https:\/\/www.budokampsport.se\/api\/wp\/v2\/categories?post=92756"},{"taxonomy":"post_tag","embeddable":true,"href":"https:\/\/www.budokampsport.se\/api\/wp\/v2\/tags?post=92756"}],"curies":[{"name":"wp","href":"https:\/\/api.w.org\/{rel}","templated":true}]}}