{"id":93002,"date":"2019-02-18T16:11:22","date_gmt":"2019-02-18T15:11:22","guid":{"rendered":"http:\/\/www.budokampsport.se\/?p=93002"},"modified":"2019-02-18T16:11:22","modified_gmt":"2019-02-18T15:11:22","slug":"nya-galans-forsta-match","status":"publish","type":"post","link":"https:\/\/www.budokampsport.se\/2019\/02\/18\/nya-galans-forsta-match\/","title":{"rendered":"Nya galans f\u00f6rsta match"},"content":{"rendered":"<p>Det allra f\u00f6rsta offentligg\u00f6randet av en match f\u00f6r nya MMA-organisationen Excellence \u00e4r presenterad.<\/p>\n<p>Elin \u00d6berg st\u00e4lls mot finskan Anette \u00d6sterberg, det i en titelmatch. Dessutom har matchen Abbe Saidov mot Tobias Bohlin ocks\u00e5 presenterats.<\/p>\n<p>Excellence, d\u00e4r bland andra f\u00f6rbundskaptenen Anders Ohlsson ing\u00e5r, arrangeras den 4:e maj.<\/p>\n<p>Text: Jonathan Broberg<br \/>\nFoto: Excellence Fighting Championship<\/p>\n","protected":false},"excerpt":{"rendered":"<p>Excellence Fighting Championship kommer att arrangera sin f\u00f6rsta gala i MMA, med proffsmatcher, i Link\u00f6ping under v\u00e5ren. Och organisationens, d\u00e4r f\u00f6rbundskapten Anders Ohlsson huserar, allra f\u00f6rsta match \u00e4r presenterad \u2013 Elin \u00d6berg mot Anette \u00d6sterberg.<\/p><br>","protected":false},"author":7,"featured_media":93003,"comment_status":"open","ping_status":"open","sticky":false,"template":"","format":"standard","meta":{"_acf_changed":false,"footnotes":""},"categories":[1],"tags":[],"class_list":["post-93002","post","type-post","status-publish","format-standard","has-post-thumbnail","hentry","category-okategoriserade"],"acf":[],"yoast_head":"<!-- This site is optimized with the Yoast SEO plugin v26.8 - https:\/\/yoast.com\/product\/yoast-seo-wordpress\/ -->\n<title>Nya galans f\u00f6rsta match - Svenska Budo &amp; Kampsportsf\u00f6rbundet<\/title>\n<meta name=\"description\" content=\"Excellence Fighting Championship kommer att arrangera sin f\u00f6rsta gala i MMA, med proffsmatcher, i Link\u00f6ping under v\u00e5ren. Och organisationens, d\u00e4r f\u00f6rbundskapten Anders Ohlsson huserar, allra f\u00f6rsta match \u00e4r presenterad \u2013 Elin \u00d6berg mot Anette \u00d6sterberg.\" \/>\n<meta name=\"robots\" content=\"index, follow, max-snippet:-1, max-image-preview:large, max-video-preview:-1\" \/>\n<link rel=\"canonical\" href=\"https:\/\/www.budokampsport.se\/2019\/02\/18\/nya-galans-forsta-match\/\" \/>\n<meta property=\"og:locale\" content=\"sv_SE\" \/>\n<meta property=\"og:type\" content=\"article\" \/>\n<meta property=\"og:title\" content=\"Nya galans f\u00f6rsta match - Svenska Budo &amp; Kampsportsf\u00f6rbundet\" \/>\n<meta property=\"og:description\" content=\"Excellence Fighting Championship kommer att arrangera sin f\u00f6rsta gala i MMA, med proffsmatcher, i Link\u00f6ping under v\u00e5ren. Och organisationens, d\u00e4r f\u00f6rbundskapten Anders Ohlsson huserar, allra f\u00f6rsta match \u00e4r presenterad \u2013 Elin \u00d6berg mot Anette \u00d6sterberg.\" \/>\n<meta property=\"og:url\" content=\"https:\/\/www.budokampsport.se\/2019\/02\/18\/nya-galans-forsta-match\/\" \/>\n<meta property=\"og:site_name\" content=\"Svenska Budo &amp; Kampsportsf\u00f6rbundet\" \/>\n<meta property=\"article:author\" content=\"https:\/\/www.facebook.com\/jonathan.broberg.7\" \/>\n<meta property=\"article:published_time\" content=\"2019-02-18T15:11:22+00:00\" \/>\n<meta property=\"og:image\" content=\"https:\/\/www.budokampsport.se\/wp-content\/uploads\/2019\/02\/elin_anette.jpg\" \/>\n\t<meta property=\"og:image:width\" content=\"640\" \/>\n\t<meta property=\"og:image:height\" content=\"616\" \/>\n\t<meta property=\"og:image:type\" content=\"image\/jpeg\" \/>\n<meta name=\"author\" content=\"Jonathan Broberg\" \/>\n<meta name=\"twitter:card\" content=\"summary_large_image\" \/>\n<meta name=\"twitter:label1\" content=\"Skriven av\" \/>\n\t<meta name=\"twitter:data1\" content=\"Jonathan Broberg\" \/>\n<script type=\"application\/ld+json\" class=\"yoast-schema-graph\">{\"@context\":\"https:\/\/schema.org\",\"@graph\":[{\"@type\":\"Article\",\"@id\":\"https:\/\/www.budokampsport.se\/2019\/02\/18\/nya-galans-forsta-match\/#article\",\"isPartOf\":{\"@id\":\"https:\/\/www.budokampsport.se\/2019\/02\/18\/nya-galans-forsta-match\/\"},\"author\":{\"name\":\"Jonathan Broberg\",\"@id\":\"https:\/\/www.budokampsport.se\/#\/schema\/person\/5c06d81d14850e2a8ce5493386560145\"},\"headline\":\"Nya galans f\u00f6rsta match\",\"datePublished\":\"2019-02-18T15:11:22+00:00\",\"mainEntityOfPage\":{\"@id\":\"https:\/\/www.budokampsport.se\/2019\/02\/18\/nya-galans-forsta-match\/\"},\"wordCount\":65,\"commentCount\":0,\"image\":{\"@id\":\"https:\/\/www.budokampsport.se\/2019\/02\/18\/nya-galans-forsta-match\/#primaryimage\"},\"thumbnailUrl\":\"https:\/\/www.budokampsport.se\/wp-content\/uploads\/2019\/02\/elin_anette.jpg\",\"inLanguage\":\"sv-SE\",\"potentialAction\":[{\"@type\":\"CommentAction\",\"name\":\"Comment\",\"target\":[\"https:\/\/www.budokampsport.se\/2019\/02\/18\/nya-galans-forsta-match\/#respond\"]}]},{\"@type\":\"WebPage\",\"@id\":\"https:\/\/www.budokampsport.se\/2019\/02\/18\/nya-galans-forsta-match\/\",\"url\":\"https:\/\/www.budokampsport.se\/2019\/02\/18\/nya-galans-forsta-match\/\",\"name\":\"Nya galans f\u00f6rsta match - Svenska Budo &amp; Kampsportsf\u00f6rbundet\",\"isPartOf\":{\"@id\":\"https:\/\/www.budokampsport.se\/#website\"},\"primaryImageOfPage\":{\"@id\":\"https:\/\/www.budokampsport.se\/2019\/02\/18\/nya-galans-forsta-match\/#primaryimage\"},\"image\":{\"@id\":\"https:\/\/www.budokampsport.se\/2019\/02\/18\/nya-galans-forsta-match\/#primaryimage\"},\"thumbnailUrl\":\"https:\/\/www.budokampsport.se\/wp-content\/uploads\/2019\/02\/elin_anette.jpg\",\"datePublished\":\"2019-02-18T15:11:22+00:00\",\"author\":{\"@id\":\"https:\/\/www.budokampsport.se\/#\/schema\/person\/5c06d81d14850e2a8ce5493386560145\"},\"description\":\"Excellence Fighting Championship kommer att arrangera sin f\u00f6rsta gala i MMA, med proffsmatcher, i Link\u00f6ping under v\u00e5ren. Och organisationens, d\u00e4r f\u00f6rbundskapten Anders Ohlsson huserar, allra f\u00f6rsta match \u00e4r presenterad \u2013 Elin \u00d6berg mot Anette \u00d6sterberg.\",\"breadcrumb\":{\"@id\":\"https:\/\/www.budokampsport.se\/2019\/02\/18\/nya-galans-forsta-match\/#breadcrumb\"},\"inLanguage\":\"sv-SE\",\"potentialAction\":[{\"@type\":\"ReadAction\",\"target\":[\"https:\/\/www.budokampsport.se\/2019\/02\/18\/nya-galans-forsta-match\/\"]}]},{\"@type\":\"ImageObject\",\"inLanguage\":\"sv-SE\",\"@id\":\"https:\/\/www.budokampsport.se\/2019\/02\/18\/nya-galans-forsta-match\/#primaryimage\",\"url\":\"https:\/\/www.budokampsport.se\/wp-content\/uploads\/2019\/02\/elin_anette.jpg\",\"contentUrl\":\"https:\/\/www.budokampsport.se\/wp-content\/uploads\/2019\/02\/elin_anette.jpg\",\"width\":640,\"height\":616},{\"@type\":\"BreadcrumbList\",\"@id\":\"https:\/\/www.budokampsport.se\/2019\/02\/18\/nya-galans-forsta-match\/#breadcrumb\",\"itemListElement\":[{\"@type\":\"ListItem\",\"position\":1,\"name\":\"Hem\",\"item\":\"https:\/\/www.budokampsport.se\/\"},{\"@type\":\"ListItem\",\"position\":2,\"name\":\"Nya galans f\u00f6rsta match\"}]},{\"@type\":\"WebSite\",\"@id\":\"https:\/\/www.budokampsport.se\/#website\",\"url\":\"https:\/\/www.budokampsport.se\/\",\"name\":\"Svenska Budo &amp; Kampsportsf\u00f6rbundet\",\"description\":\"T\u00e4vling, Tr\u00e4ning, Tradition\",\"potentialAction\":[{\"@type\":\"SearchAction\",\"target\":{\"@type\":\"EntryPoint\",\"urlTemplate\":\"https:\/\/www.budokampsport.se\/?s={search_term_string}\"},\"query-input\":{\"@type\":\"PropertyValueSpecification\",\"valueRequired\":true,\"valueName\":\"search_term_string\"}}],\"inLanguage\":\"sv-SE\"},{\"@type\":\"Person\",\"@id\":\"https:\/\/www.budokampsport.se\/#\/schema\/person\/5c06d81d14850e2a8ce5493386560145\",\"name\":\"Jonathan Broberg\",\"image\":{\"@type\":\"ImageObject\",\"inLanguage\":\"sv-SE\",\"@id\":\"https:\/\/www.budokampsport.se\/#\/schema\/person\/image\/\",\"url\":\"https:\/\/secure.gravatar.com\/avatar\/a58041c6cea9128bd9c40ee2f26d4136?s=96&d=blank&r=g\",\"contentUrl\":\"https:\/\/secure.gravatar.com\/avatar\/a58041c6cea9128bd9c40ee2f26d4136?s=96&d=blank&r=g\",\"caption\":\"Jonathan Broberg\"},\"sameAs\":[\"https:\/\/www.facebook.com\/jonathan.broberg.7\"],\"url\":\"https:\/\/www.budokampsport.se\/author\/jonathan\/\"}]}<\/script>\n<!-- \/ Yoast SEO plugin. -->","yoast_head_json":{"title":"Nya galans f\u00f6rsta match - Svenska Budo &amp; Kampsportsf\u00f6rbundet","description":"Excellence Fighting Championship kommer att arrangera sin f\u00f6rsta gala i MMA, med proffsmatcher, i Link\u00f6ping under v\u00e5ren. Och organisationens, d\u00e4r f\u00f6rbundskapten Anders Ohlsson huserar, allra f\u00f6rsta match \u00e4r presenterad \u2013 Elin \u00d6berg mot Anette \u00d6sterberg.","robots":{"index":"index","follow":"follow","max-snippet":"max-snippet:-1","max-image-preview":"max-image-preview:large","max-video-preview":"max-video-preview:-1"},"canonical":"https:\/\/www.budokampsport.se\/2019\/02\/18\/nya-galans-forsta-match\/","og_locale":"sv_SE","og_type":"article","og_title":"Nya galans f\u00f6rsta match - Svenska Budo &amp; Kampsportsf\u00f6rbundet","og_description":"Excellence Fighting Championship kommer att arrangera sin f\u00f6rsta gala i MMA, med proffsmatcher, i Link\u00f6ping under v\u00e5ren. Och organisationens, d\u00e4r f\u00f6rbundskapten Anders Ohlsson huserar, allra f\u00f6rsta match \u00e4r presenterad \u2013 Elin \u00d6berg mot Anette \u00d6sterberg.","og_url":"https:\/\/www.budokampsport.se\/2019\/02\/18\/nya-galans-forsta-match\/","og_site_name":"Svenska Budo &amp; Kampsportsf\u00f6rbundet","article_author":"https:\/\/www.facebook.com\/jonathan.broberg.7","article_published_time":"2019-02-18T15:11:22+00:00","og_image":[{"width":640,"height":616,"url":"https:\/\/www.budokampsport.se\/wp-content\/uploads\/2019\/02\/elin_anette.jpg","type":"image\/jpeg"}],"author":"Jonathan Broberg","twitter_card":"summary_large_image","twitter_misc":{"Skriven av":"Jonathan Broberg"},"schema":{"@context":"https:\/\/schema.org","@graph":[{"@type":"Article","@id":"https:\/\/www.budokampsport.se\/2019\/02\/18\/nya-galans-forsta-match\/#article","isPartOf":{"@id":"https:\/\/www.budokampsport.se\/2019\/02\/18\/nya-galans-forsta-match\/"},"author":{"name":"Jonathan Broberg","@id":"https:\/\/www.budokampsport.se\/#\/schema\/person\/5c06d81d14850e2a8ce5493386560145"},"headline":"Nya galans f\u00f6rsta match","datePublished":"2019-02-18T15:11:22+00:00","mainEntityOfPage":{"@id":"https:\/\/www.budokampsport.se\/2019\/02\/18\/nya-galans-forsta-match\/"},"wordCount":65,"commentCount":0,"image":{"@id":"https:\/\/www.budokampsport.se\/2019\/02\/18\/nya-galans-forsta-match\/#primaryimage"},"thumbnailUrl":"https:\/\/www.budokampsport.se\/wp-content\/uploads\/2019\/02\/elin_anette.jpg","inLanguage":"sv-SE","potentialAction":[{"@type":"CommentAction","name":"Comment","target":["https:\/\/www.budokampsport.se\/2019\/02\/18\/nya-galans-forsta-match\/#respond"]}]},{"@type":"WebPage","@id":"https:\/\/www.budokampsport.se\/2019\/02\/18\/nya-galans-forsta-match\/","url":"https:\/\/www.budokampsport.se\/2019\/02\/18\/nya-galans-forsta-match\/","name":"Nya galans f\u00f6rsta match - Svenska Budo &amp; Kampsportsf\u00f6rbundet","isPartOf":{"@id":"https:\/\/www.budokampsport.se\/#website"},"primaryImageOfPage":{"@id":"https:\/\/www.budokampsport.se\/2019\/02\/18\/nya-galans-forsta-match\/#primaryimage"},"image":{"@id":"https:\/\/www.budokampsport.se\/2019\/02\/18\/nya-galans-forsta-match\/#primaryimage"},"thumbnailUrl":"https:\/\/www.budokampsport.se\/wp-content\/uploads\/2019\/02\/elin_anette.jpg","datePublished":"2019-02-18T15:11:22+00:00","author":{"@id":"https:\/\/www.budokampsport.se\/#\/schema\/person\/5c06d81d14850e2a8ce5493386560145"},"description":"Excellence Fighting Championship kommer att arrangera sin f\u00f6rsta gala i MMA, med proffsmatcher, i Link\u00f6ping under v\u00e5ren. Och organisationens, d\u00e4r f\u00f6rbundskapten Anders Ohlsson huserar, allra f\u00f6rsta match \u00e4r presenterad \u2013 Elin \u00d6berg mot Anette \u00d6sterberg.","breadcrumb":{"@id":"https:\/\/www.budokampsport.se\/2019\/02\/18\/nya-galans-forsta-match\/#breadcrumb"},"inLanguage":"sv-SE","potentialAction":[{"@type":"ReadAction","target":["https:\/\/www.budokampsport.se\/2019\/02\/18\/nya-galans-forsta-match\/"]}]},{"@type":"ImageObject","inLanguage":"sv-SE","@id":"https:\/\/www.budokampsport.se\/2019\/02\/18\/nya-galans-forsta-match\/#primaryimage","url":"https:\/\/www.budokampsport.se\/wp-content\/uploads\/2019\/02\/elin_anette.jpg","contentUrl":"https:\/\/www.budokampsport.se\/wp-content\/uploads\/2019\/02\/elin_anette.jpg","width":640,"height":616},{"@type":"BreadcrumbList","@id":"https:\/\/www.budokampsport.se\/2019\/02\/18\/nya-galans-forsta-match\/#breadcrumb","itemListElement":[{"@type":"ListItem","position":1,"name":"Hem","item":"https:\/\/www.budokampsport.se\/"},{"@type":"ListItem","position":2,"name":"Nya galans f\u00f6rsta match"}]},{"@type":"WebSite","@id":"https:\/\/www.budokampsport.se\/#website","url":"https:\/\/www.budokampsport.se\/","name":"Svenska Budo &amp; Kampsportsf\u00f6rbundet","description":"T\u00e4vling, Tr\u00e4ning, Tradition","potentialAction":[{"@type":"SearchAction","target":{"@type":"EntryPoint","urlTemplate":"https:\/\/www.budokampsport.se\/?s={search_term_string}"},"query-input":{"@type":"PropertyValueSpecification","valueRequired":true,"valueName":"search_term_string"}}],"inLanguage":"sv-SE"},{"@type":"Person","@id":"https:\/\/www.budokampsport.se\/#\/schema\/person\/5c06d81d14850e2a8ce5493386560145","name":"Jonathan Broberg","image":{"@type":"ImageObject","inLanguage":"sv-SE","@id":"https:\/\/www.budokampsport.se\/#\/schema\/person\/image\/","url":"https:\/\/secure.gravatar.com\/avatar\/a58041c6cea9128bd9c40ee2f26d4136?s=96&d=blank&r=g","contentUrl":"https:\/\/secure.gravatar.com\/avatar\/a58041c6cea9128bd9c40ee2f26d4136?s=96&d=blank&r=g","caption":"Jonathan Broberg"},"sameAs":["https:\/\/www.facebook.com\/jonathan.broberg.7"],"url":"https:\/\/www.budokampsport.se\/author\/jonathan\/"}]}},"_links":{"self":[{"href":"https:\/\/www.budokampsport.se\/api\/wp\/v2\/posts\/93002","targetHints":{"allow":["GET"]}}],"collection":[{"href":"https:\/\/www.budokampsport.se\/api\/wp\/v2\/posts"}],"about":[{"href":"https:\/\/www.budokampsport.se\/api\/wp\/v2\/types\/post"}],"author":[{"embeddable":true,"href":"https:\/\/www.budokampsport.se\/api\/wp\/v2\/users\/7"}],"replies":[{"embeddable":true,"href":"https:\/\/www.budokampsport.se\/api\/wp\/v2\/comments?post=93002"}],"version-history":[{"count":0,"href":"https:\/\/www.budokampsport.se\/api\/wp\/v2\/posts\/93002\/revisions"}],"wp:featuredmedia":[{"embeddable":true,"href":"https:\/\/www.budokampsport.se\/api\/wp\/v2\/media\/93003"}],"wp:attachment":[{"href":"https:\/\/www.budokampsport.se\/api\/wp\/v2\/media?parent=93002"}],"wp:term":[{"taxonomy":"category","embeddable":true,"href":"https:\/\/www.budokampsport.se\/api\/wp\/v2\/categories?post=93002"},{"taxonomy":"post_tag","embeddable":true,"href":"https:\/\/www.budokampsport.se\/api\/wp\/v2\/tags?post=93002"}],"curies":[{"name":"wp","href":"https:\/\/api.w.org\/{rel}","templated":true}]}}