{"id":96777,"date":"2019-04-01T13:39:55","date_gmt":"2019-04-01T11:39:55","guid":{"rendered":"http:\/\/www.budokampsport.se\/?p=96777"},"modified":"2019-04-01T13:39:55","modified_gmt":"2019-04-01T11:39:55","slug":"stort-mma-lager-i-stockholm-i-helgen","status":"publish","type":"post","link":"https:\/\/www.budokampsport.se\/2019\/04\/01\/stort-mma-lager-i-stockholm-i-helgen\/","title":{"rendered":"Stort MMA-l\u00e4ger i Stockholm i helgen"},"content":{"rendered":"<p>I Nexus lokaler i Stockholm h\u00e5lls helgen 5-7 april ett stort l\u00e4ger och en certifieringskurs i MMA.<\/p>\n<p>Kursen riktar sig till den som \u00e4r sugen p\u00e5 att starta en MMA-klubb, samt att skapa en grundl\u00e4ggande f\u00f6rst\u00e5else f\u00f6r MMA och fysisk tr\u00e4ning f\u00f6r att kunna h\u00e5lla klasser p\u00e5 ett s\u00e4kert och inspirerande s\u00e4tt. Eftersom det \u00e4r s\u00e5 m\u00e5nga erfarna instrukt\u00f6rer p\u00e5 plats s\u00e5 kommer \u00e4ven avancerade ut\u00f6vare och instrukt\u00f6rer f\u00e5 ut n\u00e5got av l\u00e4gret.<br \/>\n&#8211; Med s\u00e5 h\u00e4r tunga namn p\u00e5 instrukt\u00f6rerna \u00e4r det f\u00f6rmodligen det st\u00f6rsta MMA-l\u00e4gret i sitt slag i Europa . Jag har i alla fall inte h\u00f6rt talas om n\u00e5got liknande, s\u00e4ger Halldin.<\/p>\n<p>Halldin p\u00e5talar vidare den breda kompetens som instrukt\u00f6rerna tillsammans har, som en garant f\u00f6r l\u00e4grets dignitet.<br \/>\n&#8211; Omar \u00e4r en legendar &#8211; ett livslevande uppslagsverk om all kampsport. Jocke, Tor och Akira beh\u00f6ver knappt n\u00e5gon presentation. Alla har de varit p\u00e5 den yttersta niv\u00e5n inom MMA, samt \u00e4ven plockat fram n\u00e5gra av v\u00e5ra starkast lysande stj\u00e4rnor. Kompetensm\u00e4ssigt g\u00e5r det knappast att f\u00e5 b\u00e4ttre instrukt\u00f6rer. Vi har alla varit med och drivit diverse klubbar under en l\u00e5ng tid, samt \u00e4r alla multikampsportare. Summa summarum s\u00e5 tror jag att v\u00e5r samlade kunskapsniv\u00e5 \u00e4r t\u00e4mligen sv\u00e5rslagen.<\/p>\n<p>Det man kan f\u00f6rv\u00e4nta sig av helgen som medverkande \u00e4r allts\u00e5 att f\u00e5 en god eller ytterligare kunskap om idrotten.<br \/>\n&#8211; Ja, och man kommer tr\u00e4ffa likasinnade och ha v\u00e5ldsamt roligt ocks\u00e5.<\/p>\n<p><a href=\"https:\/\/www.facebook.com\/events\/742482186135961\/\">H\u00e4r finns mer information om l\u00e4gret<\/a>\u00a0, och <a href=\"https:\/\/docs.google.com\/forms\/d\/1c2q6Uls0hqwO-lyIQJBqxekUqvSnjJ2RRCvNLrJPyqI\/edit\">h\u00e4r anm\u00e4ler du dig<\/a>.<\/p>\n<p>Text: Jonathan Broberg<br \/>\nFoto:\u00a0Sam Soheil<\/p>\n","protected":false},"excerpt":{"rendered":"<p>Helgen 5-7 april har Svenska MMA-f\u00f6rbundet en certifieringskurs som ers\u00e4tter den tidigare steg-utbildningen. Och instrukt\u00f6rerna \u00e4r minst sagt erfarna: Omar Bouiche, Joakim Engberg, Akira Corassani,\u00a0 Tor Troeng och Johan Halldin.<br \/><br>&#8211; Det \u00e4r ett l\u00e4ger som ger f\u00f6ruts\u00e4ttning och beh\u00f6righet till den som vill starta MMA-klubb, men naturligtvis passar kursen lika bra f\u00f6r den som vill f\u00f6rb\u00e4ttra sin teknik eller vill bli en b\u00e4ttre coach med hj\u00e4lp av toppinstrukt\u00f6rer, s\u00e4ger Johan Halldin till budokampsport.se.<\/p><br>","protected":false},"author":7,"featured_media":96778,"comment_status":"open","ping_status":"open","sticky":false,"template":"","format":"standard","meta":{"_acf_changed":false,"footnotes":""},"categories":[1],"tags":[],"class_list":["post-96777","post","type-post","status-publish","format-standard","has-post-thumbnail","hentry","category-okategoriserade"],"acf":[],"yoast_head":"<!-- This site is optimized with the Yoast SEO plugin v26.8 - https:\/\/yoast.com\/product\/yoast-seo-wordpress\/ -->\n<title>Stort MMA-l\u00e4ger i Stockholm i helgen - Svenska Budo &amp; Kampsportsf\u00f6rbundet<\/title>\n<meta name=\"description\" content=\"Helgen 5-7 april har Svenska MMA-f\u00f6rbundet en certifieringskurs som ers\u00e4tter den tidigare steg-utbildningen. Och instrukt\u00f6rerna \u00e4r minst sagt erfarna: Omar Bouiche, Joakim Engberg, Akira Corassani,\u00a0 Tor Troeng och Johan Halldin. - Det \u00e4r ett l\u00e4ger som ger f\u00f6ruts\u00e4ttning och beh\u00f6righet till den som vill starta MMA-klubb, men naturligtvis passar kursen lika bra f\u00f6r den som vill f\u00f6rb\u00e4ttra sin teknik eller vill bli en b\u00e4ttre coach med hj\u00e4lp av toppinstrukt\u00f6rer, s\u00e4ger Johan Halldin till budokampsport.se.\" \/>\n<meta name=\"robots\" content=\"index, follow, max-snippet:-1, max-image-preview:large, max-video-preview:-1\" \/>\n<link rel=\"canonical\" href=\"https:\/\/www.budokampsport.se\/2019\/04\/01\/stort-mma-lager-i-stockholm-i-helgen\/\" \/>\n<meta property=\"og:locale\" content=\"sv_SE\" \/>\n<meta property=\"og:type\" content=\"article\" \/>\n<meta property=\"og:title\" content=\"Stort MMA-l\u00e4ger i Stockholm i helgen - Svenska Budo &amp; Kampsportsf\u00f6rbundet\" \/>\n<meta property=\"og:description\" content=\"Helgen 5-7 april har Svenska MMA-f\u00f6rbundet en certifieringskurs som ers\u00e4tter den tidigare steg-utbildningen. Och instrukt\u00f6rerna \u00e4r minst sagt erfarna: Omar Bouiche, Joakim Engberg, Akira Corassani,\u00a0 Tor Troeng och Johan Halldin. - Det \u00e4r ett l\u00e4ger som ger f\u00f6ruts\u00e4ttning och beh\u00f6righet till den som vill starta MMA-klubb, men naturligtvis passar kursen lika bra f\u00f6r den som vill f\u00f6rb\u00e4ttra sin teknik eller vill bli en b\u00e4ttre coach med hj\u00e4lp av toppinstrukt\u00f6rer, s\u00e4ger Johan Halldin till budokampsport.se.\" \/>\n<meta property=\"og:url\" content=\"https:\/\/www.budokampsport.se\/2019\/04\/01\/stort-mma-lager-i-stockholm-i-helgen\/\" \/>\n<meta property=\"og:site_name\" content=\"Svenska Budo &amp; Kampsportsf\u00f6rbundet\" \/>\n<meta property=\"article:author\" content=\"https:\/\/www.facebook.com\/jonathan.broberg.7\" \/>\n<meta property=\"article:published_time\" content=\"2019-04-01T11:39:55+00:00\" \/>\n<meta property=\"og:image\" content=\"https:\/\/www.budokampsport.se\/wp-content\/uploads\/2019\/04\/smmaf_lager-e1625211215522.jpg\" \/>\n\t<meta property=\"og:image:width\" content=\"850\" \/>\n\t<meta property=\"og:image:height\" content=\"398\" \/>\n\t<meta property=\"og:image:type\" content=\"image\/jpeg\" \/>\n<meta name=\"author\" content=\"Jonathan Broberg\" \/>\n<meta name=\"twitter:card\" content=\"summary_large_image\" \/>\n<meta name=\"twitter:label1\" content=\"Skriven av\" \/>\n\t<meta name=\"twitter:data1\" content=\"Jonathan Broberg\" \/>\n\t<meta name=\"twitter:label2\" content=\"Ber\u00e4knad l\u00e4stid\" \/>\n\t<meta name=\"twitter:data2\" content=\"1 minut\" \/>\n<script type=\"application\/ld+json\" class=\"yoast-schema-graph\">{\"@context\":\"https:\/\/schema.org\",\"@graph\":[{\"@type\":\"Article\",\"@id\":\"https:\/\/www.budokampsport.se\/2019\/04\/01\/stort-mma-lager-i-stockholm-i-helgen\/#article\",\"isPartOf\":{\"@id\":\"https:\/\/www.budokampsport.se\/2019\/04\/01\/stort-mma-lager-i-stockholm-i-helgen\/\"},\"author\":{\"name\":\"Jonathan Broberg\",\"@id\":\"https:\/\/www.budokampsport.se\/#\/schema\/person\/5c06d81d14850e2a8ce5493386560145\"},\"headline\":\"Stort MMA-l\u00e4ger i Stockholm i helgen\",\"datePublished\":\"2019-04-01T11:39:55+00:00\",\"mainEntityOfPage\":{\"@id\":\"https:\/\/www.budokampsport.se\/2019\/04\/01\/stort-mma-lager-i-stockholm-i-helgen\/\"},\"wordCount\":305,\"commentCount\":0,\"image\":{\"@id\":\"https:\/\/www.budokampsport.se\/2019\/04\/01\/stort-mma-lager-i-stockholm-i-helgen\/#primaryimage\"},\"thumbnailUrl\":\"https:\/\/www.budokampsport.se\/wp-content\/uploads\/2019\/04\/smmaf_lager-e1625211215522.jpg\",\"inLanguage\":\"sv-SE\",\"potentialAction\":[{\"@type\":\"CommentAction\",\"name\":\"Comment\",\"target\":[\"https:\/\/www.budokampsport.se\/2019\/04\/01\/stort-mma-lager-i-stockholm-i-helgen\/#respond\"]}]},{\"@type\":\"WebPage\",\"@id\":\"https:\/\/www.budokampsport.se\/2019\/04\/01\/stort-mma-lager-i-stockholm-i-helgen\/\",\"url\":\"https:\/\/www.budokampsport.se\/2019\/04\/01\/stort-mma-lager-i-stockholm-i-helgen\/\",\"name\":\"Stort MMA-l\u00e4ger i Stockholm i helgen - Svenska Budo &amp; Kampsportsf\u00f6rbundet\",\"isPartOf\":{\"@id\":\"https:\/\/www.budokampsport.se\/#website\"},\"primaryImageOfPage\":{\"@id\":\"https:\/\/www.budokampsport.se\/2019\/04\/01\/stort-mma-lager-i-stockholm-i-helgen\/#primaryimage\"},\"image\":{\"@id\":\"https:\/\/www.budokampsport.se\/2019\/04\/01\/stort-mma-lager-i-stockholm-i-helgen\/#primaryimage\"},\"thumbnailUrl\":\"https:\/\/www.budokampsport.se\/wp-content\/uploads\/2019\/04\/smmaf_lager-e1625211215522.jpg\",\"datePublished\":\"2019-04-01T11:39:55+00:00\",\"author\":{\"@id\":\"https:\/\/www.budokampsport.se\/#\/schema\/person\/5c06d81d14850e2a8ce5493386560145\"},\"description\":\"Helgen 5-7 april har Svenska MMA-f\u00f6rbundet en certifieringskurs som ers\u00e4tter den tidigare steg-utbildningen. Och instrukt\u00f6rerna \u00e4r minst sagt erfarna: Omar Bouiche, Joakim Engberg, Akira Corassani,\u00a0 Tor Troeng och Johan Halldin. - Det \u00e4r ett l\u00e4ger som ger f\u00f6ruts\u00e4ttning och beh\u00f6righet till den som vill starta MMA-klubb, men naturligtvis passar kursen lika bra f\u00f6r den som vill f\u00f6rb\u00e4ttra sin teknik eller vill bli en b\u00e4ttre coach med hj\u00e4lp av toppinstrukt\u00f6rer, s\u00e4ger Johan Halldin till budokampsport.se.\",\"breadcrumb\":{\"@id\":\"https:\/\/www.budokampsport.se\/2019\/04\/01\/stort-mma-lager-i-stockholm-i-helgen\/#breadcrumb\"},\"inLanguage\":\"sv-SE\",\"potentialAction\":[{\"@type\":\"ReadAction\",\"target\":[\"https:\/\/www.budokampsport.se\/2019\/04\/01\/stort-mma-lager-i-stockholm-i-helgen\/\"]}]},{\"@type\":\"ImageObject\",\"inLanguage\":\"sv-SE\",\"@id\":\"https:\/\/www.budokampsport.se\/2019\/04\/01\/stort-mma-lager-i-stockholm-i-helgen\/#primaryimage\",\"url\":\"https:\/\/www.budokampsport.se\/wp-content\/uploads\/2019\/04\/smmaf_lager-e1625211215522.jpg\",\"contentUrl\":\"https:\/\/www.budokampsport.se\/wp-content\/uploads\/2019\/04\/smmaf_lager-e1625211215522.jpg\",\"width\":850,\"height\":398},{\"@type\":\"BreadcrumbList\",\"@id\":\"https:\/\/www.budokampsport.se\/2019\/04\/01\/stort-mma-lager-i-stockholm-i-helgen\/#breadcrumb\",\"itemListElement\":[{\"@type\":\"ListItem\",\"position\":1,\"name\":\"Hem\",\"item\":\"https:\/\/www.budokampsport.se\/\"},{\"@type\":\"ListItem\",\"position\":2,\"name\":\"Stort MMA-l\u00e4ger i Stockholm i helgen\"}]},{\"@type\":\"WebSite\",\"@id\":\"https:\/\/www.budokampsport.se\/#website\",\"url\":\"https:\/\/www.budokampsport.se\/\",\"name\":\"Svenska Budo &amp; Kampsportsf\u00f6rbundet\",\"description\":\"T\u00e4vling, Tr\u00e4ning, Tradition\",\"potentialAction\":[{\"@type\":\"SearchAction\",\"target\":{\"@type\":\"EntryPoint\",\"urlTemplate\":\"https:\/\/www.budokampsport.se\/?s={search_term_string}\"},\"query-input\":{\"@type\":\"PropertyValueSpecification\",\"valueRequired\":true,\"valueName\":\"search_term_string\"}}],\"inLanguage\":\"sv-SE\"},{\"@type\":\"Person\",\"@id\":\"https:\/\/www.budokampsport.se\/#\/schema\/person\/5c06d81d14850e2a8ce5493386560145\",\"name\":\"Jonathan Broberg\",\"image\":{\"@type\":\"ImageObject\",\"inLanguage\":\"sv-SE\",\"@id\":\"https:\/\/www.budokampsport.se\/#\/schema\/person\/image\/\",\"url\":\"https:\/\/secure.gravatar.com\/avatar\/a58041c6cea9128bd9c40ee2f26d4136?s=96&d=blank&r=g\",\"contentUrl\":\"https:\/\/secure.gravatar.com\/avatar\/a58041c6cea9128bd9c40ee2f26d4136?s=96&d=blank&r=g\",\"caption\":\"Jonathan Broberg\"},\"sameAs\":[\"https:\/\/www.facebook.com\/jonathan.broberg.7\"],\"url\":\"https:\/\/www.budokampsport.se\/author\/jonathan\/\"}]}<\/script>\n<!-- \/ Yoast SEO plugin. -->","yoast_head_json":{"title":"Stort MMA-l\u00e4ger i Stockholm i helgen - Svenska Budo &amp; Kampsportsf\u00f6rbundet","description":"Helgen 5-7 april har Svenska MMA-f\u00f6rbundet en certifieringskurs som ers\u00e4tter den tidigare steg-utbildningen. Och instrukt\u00f6rerna \u00e4r minst sagt erfarna: Omar Bouiche, Joakim Engberg, Akira Corassani,\u00a0 Tor Troeng och Johan Halldin. - Det \u00e4r ett l\u00e4ger som ger f\u00f6ruts\u00e4ttning och beh\u00f6righet till den som vill starta MMA-klubb, men naturligtvis passar kursen lika bra f\u00f6r den som vill f\u00f6rb\u00e4ttra sin teknik eller vill bli en b\u00e4ttre coach med hj\u00e4lp av toppinstrukt\u00f6rer, s\u00e4ger Johan Halldin till budokampsport.se.","robots":{"index":"index","follow":"follow","max-snippet":"max-snippet:-1","max-image-preview":"max-image-preview:large","max-video-preview":"max-video-preview:-1"},"canonical":"https:\/\/www.budokampsport.se\/2019\/04\/01\/stort-mma-lager-i-stockholm-i-helgen\/","og_locale":"sv_SE","og_type":"article","og_title":"Stort MMA-l\u00e4ger i Stockholm i helgen - Svenska Budo &amp; Kampsportsf\u00f6rbundet","og_description":"Helgen 5-7 april har Svenska MMA-f\u00f6rbundet en certifieringskurs som ers\u00e4tter den tidigare steg-utbildningen. Och instrukt\u00f6rerna \u00e4r minst sagt erfarna: Omar Bouiche, Joakim Engberg, Akira Corassani,\u00a0 Tor Troeng och Johan Halldin. - Det \u00e4r ett l\u00e4ger som ger f\u00f6ruts\u00e4ttning och beh\u00f6righet till den som vill starta MMA-klubb, men naturligtvis passar kursen lika bra f\u00f6r den som vill f\u00f6rb\u00e4ttra sin teknik eller vill bli en b\u00e4ttre coach med hj\u00e4lp av toppinstrukt\u00f6rer, s\u00e4ger Johan Halldin till budokampsport.se.","og_url":"https:\/\/www.budokampsport.se\/2019\/04\/01\/stort-mma-lager-i-stockholm-i-helgen\/","og_site_name":"Svenska Budo &amp; Kampsportsf\u00f6rbundet","article_author":"https:\/\/www.facebook.com\/jonathan.broberg.7","article_published_time":"2019-04-01T11:39:55+00:00","og_image":[{"width":850,"height":398,"url":"https:\/\/www.budokampsport.se\/wp-content\/uploads\/2019\/04\/smmaf_lager-e1625211215522.jpg","type":"image\/jpeg"}],"author":"Jonathan Broberg","twitter_card":"summary_large_image","twitter_misc":{"Skriven av":"Jonathan Broberg","Ber\u00e4knad l\u00e4stid":"1 minut"},"schema":{"@context":"https:\/\/schema.org","@graph":[{"@type":"Article","@id":"https:\/\/www.budokampsport.se\/2019\/04\/01\/stort-mma-lager-i-stockholm-i-helgen\/#article","isPartOf":{"@id":"https:\/\/www.budokampsport.se\/2019\/04\/01\/stort-mma-lager-i-stockholm-i-helgen\/"},"author":{"name":"Jonathan Broberg","@id":"https:\/\/www.budokampsport.se\/#\/schema\/person\/5c06d81d14850e2a8ce5493386560145"},"headline":"Stort MMA-l\u00e4ger i Stockholm i helgen","datePublished":"2019-04-01T11:39:55+00:00","mainEntityOfPage":{"@id":"https:\/\/www.budokampsport.se\/2019\/04\/01\/stort-mma-lager-i-stockholm-i-helgen\/"},"wordCount":305,"commentCount":0,"image":{"@id":"https:\/\/www.budokampsport.se\/2019\/04\/01\/stort-mma-lager-i-stockholm-i-helgen\/#primaryimage"},"thumbnailUrl":"https:\/\/www.budokampsport.se\/wp-content\/uploads\/2019\/04\/smmaf_lager-e1625211215522.jpg","inLanguage":"sv-SE","potentialAction":[{"@type":"CommentAction","name":"Comment","target":["https:\/\/www.budokampsport.se\/2019\/04\/01\/stort-mma-lager-i-stockholm-i-helgen\/#respond"]}]},{"@type":"WebPage","@id":"https:\/\/www.budokampsport.se\/2019\/04\/01\/stort-mma-lager-i-stockholm-i-helgen\/","url":"https:\/\/www.budokampsport.se\/2019\/04\/01\/stort-mma-lager-i-stockholm-i-helgen\/","name":"Stort MMA-l\u00e4ger i Stockholm i helgen - Svenska Budo &amp; Kampsportsf\u00f6rbundet","isPartOf":{"@id":"https:\/\/www.budokampsport.se\/#website"},"primaryImageOfPage":{"@id":"https:\/\/www.budokampsport.se\/2019\/04\/01\/stort-mma-lager-i-stockholm-i-helgen\/#primaryimage"},"image":{"@id":"https:\/\/www.budokampsport.se\/2019\/04\/01\/stort-mma-lager-i-stockholm-i-helgen\/#primaryimage"},"thumbnailUrl":"https:\/\/www.budokampsport.se\/wp-content\/uploads\/2019\/04\/smmaf_lager-e1625211215522.jpg","datePublished":"2019-04-01T11:39:55+00:00","author":{"@id":"https:\/\/www.budokampsport.se\/#\/schema\/person\/5c06d81d14850e2a8ce5493386560145"},"description":"Helgen 5-7 april har Svenska MMA-f\u00f6rbundet en certifieringskurs som ers\u00e4tter den tidigare steg-utbildningen. Och instrukt\u00f6rerna \u00e4r minst sagt erfarna: Omar Bouiche, Joakim Engberg, Akira Corassani,\u00a0 Tor Troeng och Johan Halldin. - Det \u00e4r ett l\u00e4ger som ger f\u00f6ruts\u00e4ttning och beh\u00f6righet till den som vill starta MMA-klubb, men naturligtvis passar kursen lika bra f\u00f6r den som vill f\u00f6rb\u00e4ttra sin teknik eller vill bli en b\u00e4ttre coach med hj\u00e4lp av toppinstrukt\u00f6rer, s\u00e4ger Johan Halldin till budokampsport.se.","breadcrumb":{"@id":"https:\/\/www.budokampsport.se\/2019\/04\/01\/stort-mma-lager-i-stockholm-i-helgen\/#breadcrumb"},"inLanguage":"sv-SE","potentialAction":[{"@type":"ReadAction","target":["https:\/\/www.budokampsport.se\/2019\/04\/01\/stort-mma-lager-i-stockholm-i-helgen\/"]}]},{"@type":"ImageObject","inLanguage":"sv-SE","@id":"https:\/\/www.budokampsport.se\/2019\/04\/01\/stort-mma-lager-i-stockholm-i-helgen\/#primaryimage","url":"https:\/\/www.budokampsport.se\/wp-content\/uploads\/2019\/04\/smmaf_lager-e1625211215522.jpg","contentUrl":"https:\/\/www.budokampsport.se\/wp-content\/uploads\/2019\/04\/smmaf_lager-e1625211215522.jpg","width":850,"height":398},{"@type":"BreadcrumbList","@id":"https:\/\/www.budokampsport.se\/2019\/04\/01\/stort-mma-lager-i-stockholm-i-helgen\/#breadcrumb","itemListElement":[{"@type":"ListItem","position":1,"name":"Hem","item":"https:\/\/www.budokampsport.se\/"},{"@type":"ListItem","position":2,"name":"Stort MMA-l\u00e4ger i Stockholm i helgen"}]},{"@type":"WebSite","@id":"https:\/\/www.budokampsport.se\/#website","url":"https:\/\/www.budokampsport.se\/","name":"Svenska Budo &amp; Kampsportsf\u00f6rbundet","description":"T\u00e4vling, Tr\u00e4ning, Tradition","potentialAction":[{"@type":"SearchAction","target":{"@type":"EntryPoint","urlTemplate":"https:\/\/www.budokampsport.se\/?s={search_term_string}"},"query-input":{"@type":"PropertyValueSpecification","valueRequired":true,"valueName":"search_term_string"}}],"inLanguage":"sv-SE"},{"@type":"Person","@id":"https:\/\/www.budokampsport.se\/#\/schema\/person\/5c06d81d14850e2a8ce5493386560145","name":"Jonathan Broberg","image":{"@type":"ImageObject","inLanguage":"sv-SE","@id":"https:\/\/www.budokampsport.se\/#\/schema\/person\/image\/","url":"https:\/\/secure.gravatar.com\/avatar\/a58041c6cea9128bd9c40ee2f26d4136?s=96&d=blank&r=g","contentUrl":"https:\/\/secure.gravatar.com\/avatar\/a58041c6cea9128bd9c40ee2f26d4136?s=96&d=blank&r=g","caption":"Jonathan Broberg"},"sameAs":["https:\/\/www.facebook.com\/jonathan.broberg.7"],"url":"https:\/\/www.budokampsport.se\/author\/jonathan\/"}]}},"_links":{"self":[{"href":"https:\/\/www.budokampsport.se\/api\/wp\/v2\/posts\/96777","targetHints":{"allow":["GET"]}}],"collection":[{"href":"https:\/\/www.budokampsport.se\/api\/wp\/v2\/posts"}],"about":[{"href":"https:\/\/www.budokampsport.se\/api\/wp\/v2\/types\/post"}],"author":[{"embeddable":true,"href":"https:\/\/www.budokampsport.se\/api\/wp\/v2\/users\/7"}],"replies":[{"embeddable":true,"href":"https:\/\/www.budokampsport.se\/api\/wp\/v2\/comments?post=96777"}],"version-history":[{"count":0,"href":"https:\/\/www.budokampsport.se\/api\/wp\/v2\/posts\/96777\/revisions"}],"wp:featuredmedia":[{"embeddable":true,"href":"https:\/\/www.budokampsport.se\/api\/wp\/v2\/media\/96778"}],"wp:attachment":[{"href":"https:\/\/www.budokampsport.se\/api\/wp\/v2\/media?parent=96777"}],"wp:term":[{"taxonomy":"category","embeddable":true,"href":"https:\/\/www.budokampsport.se\/api\/wp\/v2\/categories?post=96777"},{"taxonomy":"post_tag","embeddable":true,"href":"https:\/\/www.budokampsport.se\/api\/wp\/v2\/tags?post=96777"}],"curies":[{"name":"wp","href":"https:\/\/api.w.org\/{rel}","templated":true}]}}