{"id":99944,"date":"2019-05-14T11:09:13","date_gmt":"2019-05-14T09:09:13","guid":{"rendered":"http:\/\/www.budokampsport.se\/?p=99944"},"modified":"2019-05-14T11:25:23","modified_gmt":"2019-05-14T09:25:23","slug":"babak-ashti-nojd-med-superiors-19e-upplaga","status":"publish","type":"post","link":"https:\/\/www.budokampsport.se\/2019\/05\/14\/babak-ashti-nojd-med-superiors-19e-upplaga\/","title":{"rendered":"Babak Ashti n\u00f6jd med Superiors 19:e upplaga"},"content":{"rendered":"<p>Det var mycket k\u00e4nslor i bruk n\u00e4r Superior Challenge arrangerades p\u00e5 Cirkus i l\u00f6rdagskv\u00e4ll.<\/p>\n<p>Arrang\u00f6ren Babak Ashti kunde kika tillbaka p\u00e5 en f\u00e4rgsprakande gala med flera fina matcher.<br \/>\n&#8211; Det blev en ganska tung kv\u00e4ll f\u00f6r svenskarna, vilket i och f\u00f6r sig ger kredibilitet till v\u00e5r organisation och v\u00e5ra match-ups. Det var m\u00e5nga matcher som jag var n\u00f6jd med. Och jag tycker att det \u00e5ter visar vilken seriositet vi har som organisation.<\/p>\n<p>Och n\u00f6jd med galan som helhet, det var Ashti ocks\u00e5 efter\u00e5t.<br \/>\n&#8211; Det h\u00e4r var produktionsm\u00e4ssigt v\u00e5r b\u00e4sta gala hittills. Det gick faktiskt s\u00e5 smidigt s\u00e5 jag trodde allvarligt talat att det var n\u00e5got vi m\u00e5ste ha gl\u00f6mt.<\/p>\n<p>Och vissa av matcherna beskriver han s\u00e5 h\u00e4r:<br \/>\n&#8211; Tuff utmaning f\u00f6r Simon Sk\u00f6ld. Jag tyckte han s\u00e5g bra ut under f\u00f6rsta ronden, tyv\u00e4rr f\u00f6r hans del blev det ett avslut. Nico Musoke tog b\u00e4ltet och det \u00e4r f\u00f6rsta g\u00e5ngen som vi har en mellanviktstitelh\u00e5llare som \u00e4r svensk. Bielkheden f\u00f6rlorade, det var lite synd f\u00f6r honom men det \u00e4r MMA \u2013 allt kan h\u00e4nda. Rostem vann snyggt och r\u00e4ttvist. Serdar Altas match var fantastisk, \u00e4ven om han f\u00f6rlorade och Pannie Kianzad vann \u00e4ven om jag tror att hon har mer i sig \u00e4n det hon beh\u00f6vde visa.<\/p>\n<p>Redan nu \u00e4r det ocks\u00e5 klart med nytt datum och plats f\u00f6r Superiors n\u00e4sta gala.<br \/>\n&#8211; Ja, det blir \u00e5ter igen under Fitnessfestivalen\/Kampsportsfestivalen p\u00e5 Stockholmsm\u00e4ssan 7:e december, s\u00e5 det ser vi mycket fram emot.<\/p>\n<p>Text: Jonathan Broberg<br \/>\nFoto: Hamid Ershad Sarabi<\/p>\n","protected":false},"excerpt":{"rendered":"<p>Superior Challenges 19:e gala, den andra p\u00e5 Cirkus, h\u00f6lls i l\u00f6rdags. Nio matcher gick och tv\u00e5 av dessa var titelmatcher och arrang\u00f6r Babak Ashti var n\u00f6jd med galan.<br \/><br>&#8211; Produktionsm\u00e4ssigt var det v\u00e5r b\u00e4sta gala hittills, s\u00e4ger han till budokampsport.se.<\/p><br>","protected":false},"author":7,"featured_media":100009,"comment_status":"open","ping_status":"open","sticky":false,"template":"","format":"standard","meta":{"_acf_changed":false,"footnotes":""},"categories":[1],"tags":[],"class_list":["post-99944","post","type-post","status-publish","format-standard","has-post-thumbnail","hentry","category-okategoriserade"],"acf":[],"yoast_head":"<!-- This site is optimized with the Yoast SEO plugin v26.8 - https:\/\/yoast.com\/product\/yoast-seo-wordpress\/ -->\n<title>Babak Ashti n\u00f6jd med Superiors 19:e upplaga - Svenska Budo &amp; Kampsportsf\u00f6rbundet<\/title>\n<meta name=\"description\" content=\"Superior Challenges 19:e gala, den andra p\u00e5 Cirkus, h\u00f6lls i l\u00f6rdags. Nio matcher gick och tv\u00e5 av dessa var titelmatcher och arrang\u00f6r Babak Ashti var n\u00f6jd med galan. - Produktionsm\u00e4ssigt var det v\u00e5r b\u00e4sta gala hittills, s\u00e4ger han till budokampsport.se.\" \/>\n<meta name=\"robots\" content=\"index, follow, max-snippet:-1, max-image-preview:large, max-video-preview:-1\" \/>\n<link rel=\"canonical\" href=\"https:\/\/www.budokampsport.se\/2019\/05\/14\/babak-ashti-nojd-med-superiors-19e-upplaga\/\" \/>\n<meta property=\"og:locale\" content=\"sv_SE\" \/>\n<meta property=\"og:type\" content=\"article\" \/>\n<meta property=\"og:title\" content=\"Babak Ashti n\u00f6jd med Superiors 19:e upplaga - Svenska Budo &amp; Kampsportsf\u00f6rbundet\" \/>\n<meta property=\"og:description\" content=\"Superior Challenges 19:e gala, den andra p\u00e5 Cirkus, h\u00f6lls i l\u00f6rdags. Nio matcher gick och tv\u00e5 av dessa var titelmatcher och arrang\u00f6r Babak Ashti var n\u00f6jd med galan. - Produktionsm\u00e4ssigt var det v\u00e5r b\u00e4sta gala hittills, s\u00e4ger han till budokampsport.se.\" \/>\n<meta property=\"og:url\" content=\"https:\/\/www.budokampsport.se\/2019\/05\/14\/babak-ashti-nojd-med-superiors-19e-upplaga\/\" \/>\n<meta property=\"og:site_name\" content=\"Svenska Budo &amp; Kampsportsf\u00f6rbundet\" \/>\n<meta property=\"article:author\" content=\"https:\/\/www.facebook.com\/jonathan.broberg.7\" \/>\n<meta property=\"article:published_time\" content=\"2019-05-14T09:09:13+00:00\" \/>\n<meta property=\"article:modified_time\" content=\"2019-05-14T09:25:23+00:00\" \/>\n<meta property=\"og:image\" content=\"https:\/\/www.budokampsport.se\/wp-content\/uploads\/2019\/05\/babak.jpg\" \/>\n\t<meta property=\"og:image:width\" content=\"850\" \/>\n\t<meta property=\"og:image:height\" content=\"656\" \/>\n\t<meta property=\"og:image:type\" content=\"image\/jpeg\" \/>\n<meta name=\"author\" content=\"Jonathan Broberg\" \/>\n<meta name=\"twitter:card\" content=\"summary_large_image\" \/>\n<meta name=\"twitter:label1\" content=\"Skriven av\" \/>\n\t<meta name=\"twitter:data1\" content=\"Jonathan Broberg\" \/>\n\t<meta name=\"twitter:label2\" content=\"Ber\u00e4knad l\u00e4stid\" \/>\n\t<meta name=\"twitter:data2\" content=\"1 minut\" \/>\n<script type=\"application\/ld+json\" class=\"yoast-schema-graph\">{\"@context\":\"https:\/\/schema.org\",\"@graph\":[{\"@type\":\"Article\",\"@id\":\"https:\/\/www.budokampsport.se\/2019\/05\/14\/babak-ashti-nojd-med-superiors-19e-upplaga\/#article\",\"isPartOf\":{\"@id\":\"https:\/\/www.budokampsport.se\/2019\/05\/14\/babak-ashti-nojd-med-superiors-19e-upplaga\/\"},\"author\":{\"name\":\"Jonathan Broberg\",\"@id\":\"https:\/\/www.budokampsport.se\/#\/schema\/person\/5c06d81d14850e2a8ce5493386560145\"},\"headline\":\"Babak Ashti n\u00f6jd med Superiors 19:e upplaga\",\"datePublished\":\"2019-05-14T09:09:13+00:00\",\"dateModified\":\"2019-05-14T09:25:23+00:00\",\"mainEntityOfPage\":{\"@id\":\"https:\/\/www.budokampsport.se\/2019\/05\/14\/babak-ashti-nojd-med-superiors-19e-upplaga\/\"},\"wordCount\":298,\"commentCount\":0,\"image\":{\"@id\":\"https:\/\/www.budokampsport.se\/2019\/05\/14\/babak-ashti-nojd-med-superiors-19e-upplaga\/#primaryimage\"},\"thumbnailUrl\":\"https:\/\/www.budokampsport.se\/wp-content\/uploads\/2019\/05\/babak.jpg\",\"inLanguage\":\"sv-SE\",\"potentialAction\":[{\"@type\":\"CommentAction\",\"name\":\"Comment\",\"target\":[\"https:\/\/www.budokampsport.se\/2019\/05\/14\/babak-ashti-nojd-med-superiors-19e-upplaga\/#respond\"]}]},{\"@type\":\"WebPage\",\"@id\":\"https:\/\/www.budokampsport.se\/2019\/05\/14\/babak-ashti-nojd-med-superiors-19e-upplaga\/\",\"url\":\"https:\/\/www.budokampsport.se\/2019\/05\/14\/babak-ashti-nojd-med-superiors-19e-upplaga\/\",\"name\":\"Babak Ashti n\u00f6jd med Superiors 19:e upplaga - Svenska Budo &amp; Kampsportsf\u00f6rbundet\",\"isPartOf\":{\"@id\":\"https:\/\/www.budokampsport.se\/#website\"},\"primaryImageOfPage\":{\"@id\":\"https:\/\/www.budokampsport.se\/2019\/05\/14\/babak-ashti-nojd-med-superiors-19e-upplaga\/#primaryimage\"},\"image\":{\"@id\":\"https:\/\/www.budokampsport.se\/2019\/05\/14\/babak-ashti-nojd-med-superiors-19e-upplaga\/#primaryimage\"},\"thumbnailUrl\":\"https:\/\/www.budokampsport.se\/wp-content\/uploads\/2019\/05\/babak.jpg\",\"datePublished\":\"2019-05-14T09:09:13+00:00\",\"dateModified\":\"2019-05-14T09:25:23+00:00\",\"author\":{\"@id\":\"https:\/\/www.budokampsport.se\/#\/schema\/person\/5c06d81d14850e2a8ce5493386560145\"},\"description\":\"Superior Challenges 19:e gala, den andra p\u00e5 Cirkus, h\u00f6lls i l\u00f6rdags. Nio matcher gick och tv\u00e5 av dessa var titelmatcher och arrang\u00f6r Babak Ashti var n\u00f6jd med galan. - Produktionsm\u00e4ssigt var det v\u00e5r b\u00e4sta gala hittills, s\u00e4ger han till budokampsport.se.\",\"breadcrumb\":{\"@id\":\"https:\/\/www.budokampsport.se\/2019\/05\/14\/babak-ashti-nojd-med-superiors-19e-upplaga\/#breadcrumb\"},\"inLanguage\":\"sv-SE\",\"potentialAction\":[{\"@type\":\"ReadAction\",\"target\":[\"https:\/\/www.budokampsport.se\/2019\/05\/14\/babak-ashti-nojd-med-superiors-19e-upplaga\/\"]}]},{\"@type\":\"ImageObject\",\"inLanguage\":\"sv-SE\",\"@id\":\"https:\/\/www.budokampsport.se\/2019\/05\/14\/babak-ashti-nojd-med-superiors-19e-upplaga\/#primaryimage\",\"url\":\"https:\/\/www.budokampsport.se\/wp-content\/uploads\/2019\/05\/babak.jpg\",\"contentUrl\":\"https:\/\/www.budokampsport.se\/wp-content\/uploads\/2019\/05\/babak.jpg\",\"width\":850,\"height\":656,\"caption\":\"Foto: Hamid Ershad Sarabi\"},{\"@type\":\"BreadcrumbList\",\"@id\":\"https:\/\/www.budokampsport.se\/2019\/05\/14\/babak-ashti-nojd-med-superiors-19e-upplaga\/#breadcrumb\",\"itemListElement\":[{\"@type\":\"ListItem\",\"position\":1,\"name\":\"Hem\",\"item\":\"https:\/\/www.budokampsport.se\/\"},{\"@type\":\"ListItem\",\"position\":2,\"name\":\"Babak Ashti n\u00f6jd med Superiors 19:e upplaga\"}]},{\"@type\":\"WebSite\",\"@id\":\"https:\/\/www.budokampsport.se\/#website\",\"url\":\"https:\/\/www.budokampsport.se\/\",\"name\":\"Svenska Budo &amp; Kampsportsf\u00f6rbundet\",\"description\":\"T\u00e4vling, Tr\u00e4ning, Tradition\",\"potentialAction\":[{\"@type\":\"SearchAction\",\"target\":{\"@type\":\"EntryPoint\",\"urlTemplate\":\"https:\/\/www.budokampsport.se\/?s={search_term_string}\"},\"query-input\":{\"@type\":\"PropertyValueSpecification\",\"valueRequired\":true,\"valueName\":\"search_term_string\"}}],\"inLanguage\":\"sv-SE\"},{\"@type\":\"Person\",\"@id\":\"https:\/\/www.budokampsport.se\/#\/schema\/person\/5c06d81d14850e2a8ce5493386560145\",\"name\":\"Jonathan Broberg\",\"image\":{\"@type\":\"ImageObject\",\"inLanguage\":\"sv-SE\",\"@id\":\"https:\/\/www.budokampsport.se\/#\/schema\/person\/image\/\",\"url\":\"https:\/\/secure.gravatar.com\/avatar\/a58041c6cea9128bd9c40ee2f26d4136?s=96&d=blank&r=g\",\"contentUrl\":\"https:\/\/secure.gravatar.com\/avatar\/a58041c6cea9128bd9c40ee2f26d4136?s=96&d=blank&r=g\",\"caption\":\"Jonathan Broberg\"},\"sameAs\":[\"https:\/\/www.facebook.com\/jonathan.broberg.7\"],\"url\":\"https:\/\/www.budokampsport.se\/author\/jonathan\/\"}]}<\/script>\n<!-- \/ Yoast SEO plugin. -->","yoast_head_json":{"title":"Babak Ashti n\u00f6jd med Superiors 19:e upplaga - Svenska Budo &amp; Kampsportsf\u00f6rbundet","description":"Superior Challenges 19:e gala, den andra p\u00e5 Cirkus, h\u00f6lls i l\u00f6rdags. Nio matcher gick och tv\u00e5 av dessa var titelmatcher och arrang\u00f6r Babak Ashti var n\u00f6jd med galan. - Produktionsm\u00e4ssigt var det v\u00e5r b\u00e4sta gala hittills, s\u00e4ger han till budokampsport.se.","robots":{"index":"index","follow":"follow","max-snippet":"max-snippet:-1","max-image-preview":"max-image-preview:large","max-video-preview":"max-video-preview:-1"},"canonical":"https:\/\/www.budokampsport.se\/2019\/05\/14\/babak-ashti-nojd-med-superiors-19e-upplaga\/","og_locale":"sv_SE","og_type":"article","og_title":"Babak Ashti n\u00f6jd med Superiors 19:e upplaga - Svenska Budo &amp; Kampsportsf\u00f6rbundet","og_description":"Superior Challenges 19:e gala, den andra p\u00e5 Cirkus, h\u00f6lls i l\u00f6rdags. Nio matcher gick och tv\u00e5 av dessa var titelmatcher och arrang\u00f6r Babak Ashti var n\u00f6jd med galan. - Produktionsm\u00e4ssigt var det v\u00e5r b\u00e4sta gala hittills, s\u00e4ger han till budokampsport.se.","og_url":"https:\/\/www.budokampsport.se\/2019\/05\/14\/babak-ashti-nojd-med-superiors-19e-upplaga\/","og_site_name":"Svenska Budo &amp; Kampsportsf\u00f6rbundet","article_author":"https:\/\/www.facebook.com\/jonathan.broberg.7","article_published_time":"2019-05-14T09:09:13+00:00","article_modified_time":"2019-05-14T09:25:23+00:00","og_image":[{"width":850,"height":656,"url":"https:\/\/www.budokampsport.se\/wp-content\/uploads\/2019\/05\/babak.jpg","type":"image\/jpeg"}],"author":"Jonathan Broberg","twitter_card":"summary_large_image","twitter_misc":{"Skriven av":"Jonathan Broberg","Ber\u00e4knad l\u00e4stid":"1 minut"},"schema":{"@context":"https:\/\/schema.org","@graph":[{"@type":"Article","@id":"https:\/\/www.budokampsport.se\/2019\/05\/14\/babak-ashti-nojd-med-superiors-19e-upplaga\/#article","isPartOf":{"@id":"https:\/\/www.budokampsport.se\/2019\/05\/14\/babak-ashti-nojd-med-superiors-19e-upplaga\/"},"author":{"name":"Jonathan Broberg","@id":"https:\/\/www.budokampsport.se\/#\/schema\/person\/5c06d81d14850e2a8ce5493386560145"},"headline":"Babak Ashti n\u00f6jd med Superiors 19:e upplaga","datePublished":"2019-05-14T09:09:13+00:00","dateModified":"2019-05-14T09:25:23+00:00","mainEntityOfPage":{"@id":"https:\/\/www.budokampsport.se\/2019\/05\/14\/babak-ashti-nojd-med-superiors-19e-upplaga\/"},"wordCount":298,"commentCount":0,"image":{"@id":"https:\/\/www.budokampsport.se\/2019\/05\/14\/babak-ashti-nojd-med-superiors-19e-upplaga\/#primaryimage"},"thumbnailUrl":"https:\/\/www.budokampsport.se\/wp-content\/uploads\/2019\/05\/babak.jpg","inLanguage":"sv-SE","potentialAction":[{"@type":"CommentAction","name":"Comment","target":["https:\/\/www.budokampsport.se\/2019\/05\/14\/babak-ashti-nojd-med-superiors-19e-upplaga\/#respond"]}]},{"@type":"WebPage","@id":"https:\/\/www.budokampsport.se\/2019\/05\/14\/babak-ashti-nojd-med-superiors-19e-upplaga\/","url":"https:\/\/www.budokampsport.se\/2019\/05\/14\/babak-ashti-nojd-med-superiors-19e-upplaga\/","name":"Babak Ashti n\u00f6jd med Superiors 19:e upplaga - Svenska Budo &amp; Kampsportsf\u00f6rbundet","isPartOf":{"@id":"https:\/\/www.budokampsport.se\/#website"},"primaryImageOfPage":{"@id":"https:\/\/www.budokampsport.se\/2019\/05\/14\/babak-ashti-nojd-med-superiors-19e-upplaga\/#primaryimage"},"image":{"@id":"https:\/\/www.budokampsport.se\/2019\/05\/14\/babak-ashti-nojd-med-superiors-19e-upplaga\/#primaryimage"},"thumbnailUrl":"https:\/\/www.budokampsport.se\/wp-content\/uploads\/2019\/05\/babak.jpg","datePublished":"2019-05-14T09:09:13+00:00","dateModified":"2019-05-14T09:25:23+00:00","author":{"@id":"https:\/\/www.budokampsport.se\/#\/schema\/person\/5c06d81d14850e2a8ce5493386560145"},"description":"Superior Challenges 19:e gala, den andra p\u00e5 Cirkus, h\u00f6lls i l\u00f6rdags. Nio matcher gick och tv\u00e5 av dessa var titelmatcher och arrang\u00f6r Babak Ashti var n\u00f6jd med galan. - Produktionsm\u00e4ssigt var det v\u00e5r b\u00e4sta gala hittills, s\u00e4ger han till budokampsport.se.","breadcrumb":{"@id":"https:\/\/www.budokampsport.se\/2019\/05\/14\/babak-ashti-nojd-med-superiors-19e-upplaga\/#breadcrumb"},"inLanguage":"sv-SE","potentialAction":[{"@type":"ReadAction","target":["https:\/\/www.budokampsport.se\/2019\/05\/14\/babak-ashti-nojd-med-superiors-19e-upplaga\/"]}]},{"@type":"ImageObject","inLanguage":"sv-SE","@id":"https:\/\/www.budokampsport.se\/2019\/05\/14\/babak-ashti-nojd-med-superiors-19e-upplaga\/#primaryimage","url":"https:\/\/www.budokampsport.se\/wp-content\/uploads\/2019\/05\/babak.jpg","contentUrl":"https:\/\/www.budokampsport.se\/wp-content\/uploads\/2019\/05\/babak.jpg","width":850,"height":656,"caption":"Foto: Hamid Ershad Sarabi"},{"@type":"BreadcrumbList","@id":"https:\/\/www.budokampsport.se\/2019\/05\/14\/babak-ashti-nojd-med-superiors-19e-upplaga\/#breadcrumb","itemListElement":[{"@type":"ListItem","position":1,"name":"Hem","item":"https:\/\/www.budokampsport.se\/"},{"@type":"ListItem","position":2,"name":"Babak Ashti n\u00f6jd med Superiors 19:e upplaga"}]},{"@type":"WebSite","@id":"https:\/\/www.budokampsport.se\/#website","url":"https:\/\/www.budokampsport.se\/","name":"Svenska Budo &amp; Kampsportsf\u00f6rbundet","description":"T\u00e4vling, Tr\u00e4ning, Tradition","potentialAction":[{"@type":"SearchAction","target":{"@type":"EntryPoint","urlTemplate":"https:\/\/www.budokampsport.se\/?s={search_term_string}"},"query-input":{"@type":"PropertyValueSpecification","valueRequired":true,"valueName":"search_term_string"}}],"inLanguage":"sv-SE"},{"@type":"Person","@id":"https:\/\/www.budokampsport.se\/#\/schema\/person\/5c06d81d14850e2a8ce5493386560145","name":"Jonathan Broberg","image":{"@type":"ImageObject","inLanguage":"sv-SE","@id":"https:\/\/www.budokampsport.se\/#\/schema\/person\/image\/","url":"https:\/\/secure.gravatar.com\/avatar\/a58041c6cea9128bd9c40ee2f26d4136?s=96&d=blank&r=g","contentUrl":"https:\/\/secure.gravatar.com\/avatar\/a58041c6cea9128bd9c40ee2f26d4136?s=96&d=blank&r=g","caption":"Jonathan Broberg"},"sameAs":["https:\/\/www.facebook.com\/jonathan.broberg.7"],"url":"https:\/\/www.budokampsport.se\/author\/jonathan\/"}]}},"_links":{"self":[{"href":"https:\/\/www.budokampsport.se\/api\/wp\/v2\/posts\/99944","targetHints":{"allow":["GET"]}}],"collection":[{"href":"https:\/\/www.budokampsport.se\/api\/wp\/v2\/posts"}],"about":[{"href":"https:\/\/www.budokampsport.se\/api\/wp\/v2\/types\/post"}],"author":[{"embeddable":true,"href":"https:\/\/www.budokampsport.se\/api\/wp\/v2\/users\/7"}],"replies":[{"embeddable":true,"href":"https:\/\/www.budokampsport.se\/api\/wp\/v2\/comments?post=99944"}],"version-history":[{"count":0,"href":"https:\/\/www.budokampsport.se\/api\/wp\/v2\/posts\/99944\/revisions"}],"wp:featuredmedia":[{"embeddable":true,"href":"https:\/\/www.budokampsport.se\/api\/wp\/v2\/media\/100009"}],"wp:attachment":[{"href":"https:\/\/www.budokampsport.se\/api\/wp\/v2\/media?parent=99944"}],"wp:term":[{"taxonomy":"category","embeddable":true,"href":"https:\/\/www.budokampsport.se\/api\/wp\/v2\/categories?post=99944"},{"taxonomy":"post_tag","embeddable":true,"href":"https:\/\/www.budokampsport.se\/api\/wp\/v2\/tags?post=99944"}],"curies":[{"name":"wp","href":"https:\/\/api.w.org\/{rel}","templated":true}]}}